{"id":32885,"date":"1997-01-01T00:00:00","date_gmt":"1997-01-01T00:00:00","guid":{"rendered":"https:\/\/www.deberes.net\/tesis\/sin-categoria\/la-potestad-normativa-de-las-entidades-locales-su-alcance-y-articulacion-con-la-potestad-normativa-estatal-y-autonomica\/"},"modified":"1997-01-01T00:00:00","modified_gmt":"1997-01-01T00:00:00","slug":"la-potestad-normativa-de-las-entidades-locales-su-alcance-y-articulacion-con-la-potestad-normativa-estatal-y-autonomica","status":"publish","type":"post","link":"https:\/\/www.deberes.net\/tesis\/ciencias-juridicas-y-derecho\/la-potestad-normativa-de-las-entidades-locales-su-alcance-y-articulacion-con-la-potestad-normativa-estatal-y-autonomica\/","title":{"rendered":"La potestad normativa de las entidades locales: su alcance y articulacion con la potestad normativa estatal y autonomica."},"content":{"rendered":"<h2>Tesis doctoral de <strong>  Bello Paredes Santiago Agustin <\/strong><\/h2>\n<p>Despues de un estudio historico de la relacion de las normas de origen local con las normas estatales, relacion que se puede calificar de subordinacion jerarquica; el trabajo se centra en estudiar esta relacion despues del texto constitucional de 1978.  en esta constitucion la situacion de las entidades locales ya no es de subordinacion al estado, y la capacidad normativa de aquellas ya no es de caracter residual.  tanto el principio de autonomia local como el de interes local conducen a una nueva configuracion de la potestad normativa de las entidades locales, que conlleva la necesidad de redimensionar principios tradicionales justificativos del sistema de fuentes: principio de reserva de ley, legalidad o jerarquia normativa.<\/p>\n<p>&nbsp;<\/p>\n<h3>Datos acad\u00e9micos de la tesis doctoral \u00ab<strong>La potestad normativa de las entidades locales: su alcance y articulacion con la potestad normativa estatal y autonomica.<\/strong>\u00ab<\/h3>\n<ul>\n<li><strong>T\u00edtulo de la tesis:<\/strong>\u00a0 La potestad normativa de las entidades locales: su alcance y articulacion con la potestad normativa estatal y autonomica. <\/li>\n<li><strong>Autor:<\/strong>\u00a0  Bello Paredes Santiago Agustin <\/li>\n<li><strong>Universidad:<\/strong>\u00a0 Burgos<\/li>\n<li><strong>Fecha de lectura de la tesis:<\/strong>\u00a0 01\/01\/1997<\/li>\n<\/ul>\n<p>&nbsp;<\/p>\n<h3>Direcci\u00f3n y tribunal<\/h3>\n<ul>\n<li><strong>Director de la tesis<\/strong>\n<ul>\n<li>Jos\u00e9 Luis Martinez L\u00f3pez Mu\u00f1iz<\/li>\n<\/ul>\n<\/li>\n<li><strong>Tribunal<\/strong>\n<ul>\n<li>Presidente del tribunal:  De La Vallina Velarde Juan  Luis <\/li>\n<li>Antonio Embid Irujo (vocal)<\/li>\n<li>Francisco Sosa Wagner (vocal)<\/li>\n<li> Sala Arquer Jos\u00e9 Manuel (vocal)<\/li>\n<\/ul>\n<\/li>\n<\/ul>\n<p>&nbsp;<\/p>\n","protected":false},"excerpt":{"rendered":"<p>Tesis doctoral de Bello Paredes Santiago Agustin Despues de un estudio historico de la relacion de las normas de origen [&hellip;]<\/p>\n","protected":false},"author":1,"featured_media":0,"comment_status":"open","ping_status":"open","sticky":false,"template":"","format":"standard","meta":{"site-sidebar-layout":"default","site-content-layout":"","ast-site-content-layout":"","site-content-style":"default","site-sidebar-style":"default","ast-global-header-display":"","ast-banner-title-visibility":"","ast-main-header-display":"","ast-hfb-above-header-display":"","ast-hfb-below-header-display":"","ast-hfb-mobile-header-display":"","site-post-title":"","ast-breadcrumbs-content":"","ast-featured-img":"","footer-sml-layout":"","theme-transparent-header-meta":"","adv-header-id-meta":"","stick-header-meta":"","header-above-stick-meta":"","header-main-stick-meta":"","header-below-stick-meta":"","astra-migrate-meta-layouts":"default","ast-page-background-enabled":"default","ast-page-background-meta":{"desktop":{"background-color":"var(--ast-global-color-4)","background-image":"","background-repeat":"repeat","background-position":"center center","background-size":"auto","background-attachment":"scroll","background-type":"","background-media":"","overlay-type":"","overlay-color":"","overlay-gradient":""},"tablet":{"background-color":"","background-image":"","background-repeat":"repeat","background-position":"center center","background-size":"auto","background-attachment":"scroll","background-type":"","background-media":"","overlay-type":"","overlay-color":"","overlay-gradient":""},"mobile":{"background-color":"","background-image":"","background-repeat":"repeat","background-position":"center center","background-size":"auto","background-attachment":"scroll","background-type":"","background-media":"","overlay-type":"","overlay-color":"","overlay-gradient":""}},"ast-content-background-meta":{"desktop":{"background-color":"var(--ast-global-color-5)","background-image":"","background-repeat":"repeat","background-position":"center center","background-size":"auto","background-attachment":"scroll","background-type":"","background-media":"","overlay-type":"","overlay-color":"","overlay-gradient":""},"tablet":{"background-color":"var(--ast-global-color-5)","background-image":"","background-repeat":"repeat","background-position":"center center","background-size":"auto","background-attachment":"scroll","background-type":"","background-media":"","overlay-type":"","overlay-color":"","overlay-gradient":""},"mobile":{"background-color":"var(--ast-global-color-5)","background-image":"","background-repeat":"repeat","background-position":"center center","background-size":"auto","background-attachment":"scroll","background-type":"","background-media":"","overlay-type":"","overlay-color":"","overlay-gradient":""}},"footnotes":""},"categories":[37674,612,3621,3193],"tags":[48400,90191,89769,33449,10200,26163],"class_list":["post-32885","post","type-post","status-publish","format-standard","hentry","category-burgos","category-ciencias-juridicas-y-derecho","category-organizacion-juridica","category-teoria-y-metodos-generales-del-derecho","tag-antonio-embid-irujo","tag-bello-paredes-santiago-agustin","tag-de-la-vallina-velarde-juan-luis","tag-francisco-sosa-wagner","tag-jose-luis-Martinez-lopez-muniz","tag-sala-arquer-jose-manuel"],"_links":{"self":[{"href":"https:\/\/www.deberes.net\/tesis\/wp-json\/wp\/v2\/posts\/32885","targetHints":{"allow":["GET"]}}],"collection":[{"href":"https:\/\/www.deberes.net\/tesis\/wp-json\/wp\/v2\/posts"}],"about":[{"href":"https:\/\/www.deberes.net\/tesis\/wp-json\/wp\/v2\/types\/post"}],"author":[{"embeddable":true,"href":"https:\/\/www.deberes.net\/tesis\/wp-json\/wp\/v2\/users\/1"}],"replies":[{"embeddable":true,"href":"https:\/\/www.deberes.net\/tesis\/wp-json\/wp\/v2\/comments?post=32885"}],"version-history":[{"count":0,"href":"https:\/\/www.deberes.net\/tesis\/wp-json\/wp\/v2\/posts\/32885\/revisions"}],"wp:attachment":[{"href":"https:\/\/www.deberes.net\/tesis\/wp-json\/wp\/v2\/media?parent=32885"}],"wp:term":[{"taxonomy":"category","embeddable":true,"href":"https:\/\/www.deberes.net\/tesis\/wp-json\/wp\/v2\/categories?post=32885"},{"taxonomy":"post_tag","embeddable":true,"href":"https:\/\/www.deberes.net\/tesis\/wp-json\/wp\/v2\/tags?post=32885"}],"curies":[{"name":"wp","href":"https:\/\/api.w.org\/{rel}","templated":true}]}}