{"id":32916,"date":"2018-03-09T09:29:46","date_gmt":"2018-03-09T09:29:46","guid":{"rendered":"https:\/\/www.deberes.net\/tesis\/sin-categoria\/estudio-fitosociologico-de-la-vegetacion-del-alto-uruguay-seleccion-de-especies-arboreas-para-la-reforestacion-de-los-municipios-de-la-region\/"},"modified":"2018-03-09T09:29:46","modified_gmt":"2018-03-09T09:29:46","slug":"estudio-fitosociologico-de-la-vegetacion-del-alto-uruguay-seleccion-de-especies-arboreas-para-la-reforestacion-de-los-municipios-de-la-region","status":"publish","type":"post","link":"https:\/\/www.deberes.net\/tesis\/ciencias-de-la-vida\/estudio-fitosociologico-de-la-vegetacion-del-alto-uruguay-seleccion-de-especies-arboreas-para-la-reforestacion-de-los-municipios-de-la-region\/","title":{"rendered":"Estudio fitosociologico de la vegetacion del alto uruguay: seleccion de especies arboreas para la reforestacion de los municipios de la region."},"content":{"rendered":"<h2>Tesis doctoral de <strong> Alindo Butzke <\/strong><\/h2>\n<p>Se lleva a cabo un estudio de la vegetaci\u00f3n de los municipios de la regi\u00f3n del alto uruguay en el estado del rio grande do sul en brasil, preferentemente sobre las estructuras arb\u00f3reas y arbustivas que de forma espont\u00e1nea, configuran la vegetaci\u00f3n natural del territorio y sus correspondientes etapas sucesionales.  se establece por primera vez el cat\u00e1logo flor\u00edstico del citado territorio con 837 t\u00e1xones, principalmente arb\u00f3reos y arbustivos, y se interpreta mediante la metodolog\u00eda sigmatista de zurich\/montpellier los tipos de vegetaci\u00f3n potencial y sus etapas degradativas, tanto de car\u00e1cter climat\u00f3filo como edafohigr\u00f3filo existentes en el territorio de estudio.  as\u00ed mismo se define dicha \u00e1rea bioclim\u00e1tica y biogeogr\u00e1ficamente.<\/p>\n<p>&nbsp;<\/p>\n<h3>Datos acad\u00e9micos de la tesis doctoral \u00ab<strong>Estudio fitosociologico de la vegetacion del alto uruguay: seleccion de especies arboreas para la reforestacion de los municipios de la region.<\/strong>\u00ab<\/h3>\n<ul>\n<li><strong>T\u00edtulo de la tesis:<\/strong>\u00a0 Estudio fitosociologico de la vegetacion del alto uruguay: seleccion de especies arboreas para la reforestacion de los municipios de la region. <\/li>\n<li><strong>Autor:<\/strong>\u00a0 Alindo Butzke <\/li>\n<li><strong>Universidad:<\/strong>\u00a0 Le\u00f3n<\/li>\n<li><strong>Fecha de lectura de la tesis:<\/strong>\u00a0 18\/02\/1997<\/li>\n<\/ul>\n<p>&nbsp;<\/p>\n<h3>Direcci\u00f3n y tribunal<\/h3>\n<ul>\n<li><strong>Director de la tesis<\/strong>\n<ul>\n<li>\u00e1ngel Penas Merino<\/li>\n<\/ul>\n<\/li>\n<li><strong>Tribunal<\/strong>\n<ul>\n<li>Presidente del tribunal: salvador Rivas mart\u00ednez <\/li>\n<li>tomas Emilio Diaz gonzalez (vocal)<\/li>\n<li>Miguel Ladero \u00e1lvarez (vocal)<\/li>\n<li>Manuel Costa talens (vocal)<\/li>\n<\/ul>\n<\/li>\n<\/ul>\n<p>&nbsp;<\/p>\n","protected":false},"excerpt":{"rendered":"<p>Tesis doctoral de Alindo Butzke Se lleva a cabo un estudio de la vegetaci\u00f3n de los municipios de la regi\u00f3n [&hellip;]<\/p>\n","protected":false},"author":1,"featured_media":0,"comment_status":"open","ping_status":"open","sticky":false,"template":"","format":"standard","meta":{"site-sidebar-layout":"default","site-content-layout":"","ast-site-content-layout":"","site-content-style":"default","site-sidebar-style":"default","ast-global-header-display":"","ast-banner-title-visibility":"","ast-main-header-display":"","ast-hfb-above-header-display":"","ast-hfb-below-header-display":"","ast-hfb-mobile-header-display":"","site-post-title":"","ast-breadcrumbs-content":"","ast-featured-img":"","footer-sml-layout":"","theme-transparent-header-meta":"","adv-header-id-meta":"","stick-header-meta":"","header-above-stick-meta":"","header-main-stick-meta":"","header-below-stick-meta":"","astra-migrate-meta-layouts":"default","ast-page-background-enabled":"default","ast-page-background-meta":{"desktop":{"background-color":"var(--ast-global-color-4)","background-image":"","background-repeat":"repeat","background-position":"center center","background-size":"auto","background-attachment":"scroll","background-type":"","background-media":"","overlay-type":"","overlay-color":"","overlay-gradient":""},"tablet":{"background-color":"","background-image":"","background-repeat":"repeat","background-position":"center center","background-size":"auto","background-attachment":"scroll","background-type":"","background-media":"","overlay-type":"","overlay-color":"","overlay-gradient":""},"mobile":{"background-color":"","background-image":"","background-repeat":"repeat","background-position":"center center","background-size":"auto","background-attachment":"scroll","background-type":"","background-media":"","overlay-type":"","overlay-color":"","overlay-gradient":""}},"ast-content-background-meta":{"desktop":{"background-color":"var(--ast-global-color-5)","background-image":"","background-repeat":"repeat","background-position":"center center","background-size":"auto","background-attachment":"scroll","background-type":"","background-media":"","overlay-type":"","overlay-color":"","overlay-gradient":""},"tablet":{"background-color":"var(--ast-global-color-5)","background-image":"","background-repeat":"repeat","background-position":"center center","background-size":"auto","background-attachment":"scroll","background-type":"","background-media":"","overlay-type":"","overlay-color":"","overlay-gradient":""},"mobile":{"background-color":"var(--ast-global-color-5)","background-image":"","background-repeat":"repeat","background-position":"center center","background-size":"auto","background-attachment":"scroll","background-type":"","background-media":"","overlay-type":"","overlay-color":"","overlay-gradient":""}},"footnotes":""},"categories":[972,494,35,2002,4430],"tags":[90242,4524,8749,4312,6000,25368],"class_list":["post-32916","post","type-post","status-publish","format-standard","hentry","category-botanica","category-ciencias-agrarias","category-ciencias-de-la-vida","category-florestas","category-leon","tag-alindo-butzke","tag-angel-penas-merino","tag-manuel-costa-talens","tag-miguel-ladero-alvarez","tag-salvador-rivas-Martinez","tag-tomas-emilio-diaz-gonzalez"],"_links":{"self":[{"href":"https:\/\/www.deberes.net\/tesis\/wp-json\/wp\/v2\/posts\/32916","targetHints":{"allow":["GET"]}}],"collection":[{"href":"https:\/\/www.deberes.net\/tesis\/wp-json\/wp\/v2\/posts"}],"about":[{"href":"https:\/\/www.deberes.net\/tesis\/wp-json\/wp\/v2\/types\/post"}],"author":[{"embeddable":true,"href":"https:\/\/www.deberes.net\/tesis\/wp-json\/wp\/v2\/users\/1"}],"replies":[{"embeddable":true,"href":"https:\/\/www.deberes.net\/tesis\/wp-json\/wp\/v2\/comments?post=32916"}],"version-history":[{"count":0,"href":"https:\/\/www.deberes.net\/tesis\/wp-json\/wp\/v2\/posts\/32916\/revisions"}],"wp:attachment":[{"href":"https:\/\/www.deberes.net\/tesis\/wp-json\/wp\/v2\/media?parent=32916"}],"wp:term":[{"taxonomy":"category","embeddable":true,"href":"https:\/\/www.deberes.net\/tesis\/wp-json\/wp\/v2\/categories?post=32916"},{"taxonomy":"post_tag","embeddable":true,"href":"https:\/\/www.deberes.net\/tesis\/wp-json\/wp\/v2\/tags?post=32916"}],"curies":[{"name":"wp","href":"https:\/\/api.w.org\/{rel}","templated":true}]}}