{"id":32927,"date":"1997-07-03T00:00:00","date_gmt":"1997-07-03T00:00:00","guid":{"rendered":"https:\/\/www.deberes.net\/tesis\/sin-categoria\/dona-i-familia-a-la-valencia-del-segle-xvii-dot-i-creix\/"},"modified":"1997-07-03T00:00:00","modified_gmt":"1997-07-03T00:00:00","slug":"dona-i-familia-a-la-valencia-del-segle-xvii-dot-i-creix","status":"publish","type":"post","link":"https:\/\/www.deberes.net\/tesis\/historia\/dona-i-familia-a-la-valencia-del-segle-xvii-dot-i-creix\/","title":{"rendered":"Dona i familia a la Valencia del segle xvii: dot i creix."},"content":{"rendered":"<h2>Tesis doctoral de <strong> Isabel Amparo Baixauli Juan <\/strong><\/h2>\n<p>Dona i familia a la val\u00e9ncia del segle xvii: dot i creix  aquesta tesi doctoral tenia com objectiu con\u00e9ixer la dona i la familia de la Valencia del segle xvii des de la perspectiva dotal. El dot era assumpte vinculat al mon femen\u00ed i a la familia pero tambe interessava al conjunt de la societat per afectar a la transmissi\u00f3 del patrimoni i al propi ordenament de la societat. Des del mon del dot hem pogut con\u00e9ixer no sols el mon femen\u00ed i el de la familia sino la propia societat de la Valencia del segle xvii . Com a estrategias pr\u00e9vies al dot hem analitzat el mon de les domestiques adolescents i les obres pies per a maridar  donzelles i \u00ed\u00b2rfenes pobres. Des de la formaci\u00f3 i restituci\u00f3 del dot per mig de la quantia, la capacitat dotadora de cada segment com per els enlla\u00ed\u00a7os matrimonials, els bens dotals i els motius de la restituci\u00f3 ens hem endinsat a l`entramat social de la Valencia del segle xvii com al seu funcionament de ciutat d`antic regim. Aquesta era una societat caracteritzada per les grans diferencies socials, manifestades a la mateixa quantia social, i per l`exist\u00e9ncia de grups socio- professionals tancats per barreres endog\u00ed\u00a0miques. Pero aquesta endogamia pod\u00eda esser trencada per via matrimonial amb importants ascensos i descensos socials que afectaven a la totalitat del segments socio-professionals de la ciutat.<\/p>\n<p>&nbsp;<\/p>\n<h3>Datos acad\u00e9micos de la tesis doctoral \u00ab<strong>Dona i familia a la Valencia del segle xvii: dot i creix.<\/strong>\u00ab<\/h3>\n<ul>\n<li><strong>T\u00edtulo de la tesis:<\/strong>\u00a0 Dona i familia a la Valencia del segle xvii: dot i creix. <\/li>\n<li><strong>Autor:<\/strong>\u00a0 Isabel Amparo Baixauli Juan <\/li>\n<li><strong>Universidad:<\/strong>\u00a0 Universitat de val\u00e9ncia (estudi general)<\/li>\n<li><strong>Fecha de lectura de la tesis:<\/strong>\u00a0 07\/03\/1997<\/li>\n<\/ul>\n<p>&nbsp;<\/p>\n<h3>Direcci\u00f3n y tribunal<\/h3>\n<ul>\n<li><strong>Director de la tesis<\/strong>\n<ul>\n<li>Rafael Benitez Sanchez Blanco<\/li>\n<\/ul>\n<\/li>\n<li><strong>Tribunal<\/strong>\n<ul>\n<li>Presidente del tribunal: pere Molas ribalta <\/li>\n<li>Francisco Chac\u00f3n jim\u00e9nez (vocal)<\/li>\n<li>pascual Marzal rodr\u00edguez (vocal)<\/li>\n<li>montserrat Carbonell esteller (vocal)<\/li>\n<\/ul>\n<\/li>\n<\/ul>\n<p>&nbsp;<\/p>\n","protected":false},"excerpt":{"rendered":"<p>Tesis doctoral de Isabel Amparo Baixauli Juan Dona i familia a la val\u00e9ncia del segle xvii: dot i creix aquesta [&hellip;]<\/p>\n","protected":false},"author":1,"featured_media":0,"comment_status":"open","ping_status":"open","sticky":false,"template":"","format":"standard","meta":{"site-sidebar-layout":"default","site-content-layout":"","ast-site-content-layout":"","site-content-style":"default","site-sidebar-style":"default","ast-global-header-display":"","ast-banner-title-visibility":"","ast-main-header-display":"","ast-hfb-above-header-display":"","ast-hfb-below-header-display":"","ast-hfb-mobile-header-display":"","site-post-title":"","ast-breadcrumbs-content":"","ast-featured-img":"","footer-sml-layout":"","theme-transparent-header-meta":"","adv-header-id-meta":"","stick-header-meta":"","header-above-stick-meta":"","header-main-stick-meta":"","header-below-stick-meta":"","astra-migrate-meta-layouts":"default","ast-page-background-enabled":"default","ast-page-background-meta":{"desktop":{"background-color":"var(--ast-global-color-4)","background-image":"","background-repeat":"repeat","background-position":"center center","background-size":"auto","background-attachment":"scroll","background-type":"","background-media":"","overlay-type":"","overlay-color":"","overlay-gradient":""},"tablet":{"background-color":"","background-image":"","background-repeat":"repeat","background-position":"center center","background-size":"auto","background-attachment":"scroll","background-type":"","background-media":"","overlay-type":"","overlay-color":"","overlay-gradient":""},"mobile":{"background-color":"","background-image":"","background-repeat":"repeat","background-position":"center center","background-size":"auto","background-attachment":"scroll","background-type":"","background-media":"","overlay-type":"","overlay-color":"","overlay-gradient":""}},"ast-content-background-meta":{"desktop":{"background-color":"var(--ast-global-color-5)","background-image":"","background-repeat":"repeat","background-position":"center center","background-size":"auto","background-attachment":"scroll","background-type":"","background-media":"","overlay-type":"","overlay-color":"","overlay-gradient":""},"tablet":{"background-color":"var(--ast-global-color-5)","background-image":"","background-repeat":"repeat","background-position":"center center","background-size":"auto","background-attachment":"scroll","background-type":"","background-media":"","overlay-type":"","overlay-color":"","overlay-gradient":""},"mobile":{"background-color":"var(--ast-global-color-5)","background-image":"","background-repeat":"repeat","background-position":"center center","background-size":"auto","background-attachment":"scroll","background-type":"","background-media":"","overlay-type":"","overlay-color":"","overlay-gradient":""}},"footnotes":""},"categories":[104,989,1015,220],"tags":[12529,90267,32755,34452,314,9208],"class_list":["post-32927","post","type-post","status-publish","format-standard","hentry","category-historia","category-historia-moderna","category-historia-moderna-del-area-europea","category-historia-por-epocas","tag-francisco-chacon-jimenez","tag-isabel-amparo-baixauli-juan","tag-montserrat-carbonell-esteller","tag-pascual-marzal-rodriguez","tag-pere-molas-ribalta","tag-rafael-benitez-sanchez-blanco"],"_links":{"self":[{"href":"https:\/\/www.deberes.net\/tesis\/wp-json\/wp\/v2\/posts\/32927","targetHints":{"allow":["GET"]}}],"collection":[{"href":"https:\/\/www.deberes.net\/tesis\/wp-json\/wp\/v2\/posts"}],"about":[{"href":"https:\/\/www.deberes.net\/tesis\/wp-json\/wp\/v2\/types\/post"}],"author":[{"embeddable":true,"href":"https:\/\/www.deberes.net\/tesis\/wp-json\/wp\/v2\/users\/1"}],"replies":[{"embeddable":true,"href":"https:\/\/www.deberes.net\/tesis\/wp-json\/wp\/v2\/comments?post=32927"}],"version-history":[{"count":0,"href":"https:\/\/www.deberes.net\/tesis\/wp-json\/wp\/v2\/posts\/32927\/revisions"}],"wp:attachment":[{"href":"https:\/\/www.deberes.net\/tesis\/wp-json\/wp\/v2\/media?parent=32927"}],"wp:term":[{"taxonomy":"category","embeddable":true,"href":"https:\/\/www.deberes.net\/tesis\/wp-json\/wp\/v2\/categories?post=32927"},{"taxonomy":"post_tag","embeddable":true,"href":"https:\/\/www.deberes.net\/tesis\/wp-json\/wp\/v2\/tags?post=32927"}],"curies":[{"name":"wp","href":"https:\/\/api.w.org\/{rel}","templated":true}]}}