{"id":32935,"date":"2018-03-09T09:29:48","date_gmt":"2018-03-09T09:29:48","guid":{"rendered":"https:\/\/www.deberes.net\/tesis\/sin-categoria\/estudio-clinico-patologico-de-las-lesiones-precancerosas-de-laringe-y-de-su-evolucion\/"},"modified":"2018-03-09T09:29:48","modified_gmt":"2018-03-09T09:29:48","slug":"estudio-clinico-patologico-de-las-lesiones-precancerosas-de-laringe-y-de-su-evolucion","status":"publish","type":"post","link":"https:\/\/www.deberes.net\/tesis\/fisica\/estudio-clinico-patologico-de-las-lesiones-precancerosas-de-laringe-y-de-su-evolucion\/","title":{"rendered":"Estudio clinico patol\u00f3gico de las lesiones precancerosas de laringe y de su evoluci\u00f3n."},"content":{"rendered":"<h2>Tesis doctoral de <strong> Concepci\u00f3n Crespo <\/strong><\/h2>\n<p>Se realiza un estudio cl\u00ednico epidemiol\u00f3gico de tipo descriptivo, retrospectivo de los pacientes inducidos, en la muestra, n\u00c2\u00ba119 en un seguimiento minimo de 4 a\u00f1os y m\u00e1ximo de 19. Todos estos pacientes presentaron alteracionews en la mucosa de las cuerdas vocales. Se establece un correlato dimico patol\u00f3gico de estas lesiones de la mucosa lar\u00edngea y se estudia su evoluci\u00f3n.<\/p>\n<p>&nbsp;<\/p>\n<h3>Datos acad\u00e9micos de la tesis doctoral \u00ab<strong>Estudio clinico patol\u00f3gico de las lesiones precancerosas de laringe y de su evoluci\u00f3n.<\/strong>\u00ab<\/h3>\n<ul>\n<li><strong>T\u00edtulo de la tesis:<\/strong>\u00a0 Estudio clinico patol\u00f3gico de las lesiones precancerosas de laringe y de su evoluci\u00f3n. <\/li>\n<li><strong>Autor:<\/strong>\u00a0 Concepci\u00f3n Crespo <\/li>\n<li><strong>Universidad:<\/strong>\u00a0 Alicante<\/li>\n<li><strong>Fecha de lectura de la tesis:<\/strong>\u00a0 14\/03\/1997<\/li>\n<\/ul>\n<p>&nbsp;<\/p>\n<h3>Direcci\u00f3n y tribunal<\/h3>\n<ul>\n<li><strong>Director de la tesis<\/strong>\n<ul>\n<li>Jos\u00e9 Talavera Sanchez<\/li>\n<\/ul>\n<\/li>\n<li><strong>Tribunal<\/strong>\n<ul>\n<li>Presidente del tribunal: Francisco Sanchez campo <\/li>\n<li>ramon Lopez Martinez (vocal)<\/li>\n<li> Gras albert Juan  ram\u00f3n (vocal)<\/li>\n<li> Sanchez fern\u00e1ndez de sentle m. carmen (vocal)<\/li>\n<\/ul>\n<\/li>\n<\/ul>\n<p>&nbsp;<\/p>\n","protected":false},"excerpt":{"rendered":"<p>Tesis doctoral de Concepci\u00f3n Crespo Se realiza un estudio cl\u00ednico epidemiol\u00f3gico de tipo descriptivo, retrospectivo de los pacientes inducidos, en [&hellip;]<\/p>\n","protected":false},"author":1,"featured_media":0,"comment_status":"open","ping_status":"open","sticky":false,"template":"","format":"standard","meta":{"site-sidebar-layout":"default","site-content-layout":"","ast-site-content-layout":"","site-content-style":"default","site-sidebar-style":"default","ast-global-header-display":"","ast-banner-title-visibility":"","ast-main-header-display":"","ast-hfb-above-header-display":"","ast-hfb-below-header-display":"","ast-hfb-mobile-header-display":"","site-post-title":"","ast-breadcrumbs-content":"","ast-featured-img":"","footer-sml-layout":"","theme-transparent-header-meta":"","adv-header-id-meta":"","stick-header-meta":"","header-above-stick-meta":"","header-main-stick-meta":"","header-below-stick-meta":"","astra-migrate-meta-layouts":"default","ast-page-background-enabled":"default","ast-page-background-meta":{"desktop":{"background-color":"var(--ast-global-color-4)","background-image":"","background-repeat":"repeat","background-position":"center center","background-size":"auto","background-attachment":"scroll","background-type":"","background-media":"","overlay-type":"","overlay-color":"","overlay-gradient":""},"tablet":{"background-color":"","background-image":"","background-repeat":"repeat","background-position":"center center","background-size":"auto","background-attachment":"scroll","background-type":"","background-media":"","overlay-type":"","overlay-color":"","overlay-gradient":""},"mobile":{"background-color":"","background-image":"","background-repeat":"repeat","background-position":"center center","background-size":"auto","background-attachment":"scroll","background-type":"","background-media":"","overlay-type":"","overlay-color":"","overlay-gradient":""}},"ast-content-background-meta":{"desktop":{"background-color":"var(--ast-global-color-5)","background-image":"","background-repeat":"repeat","background-position":"center center","background-size":"auto","background-attachment":"scroll","background-type":"","background-media":"","overlay-type":"","overlay-color":"","overlay-gradient":""},"tablet":{"background-color":"var(--ast-global-color-5)","background-image":"","background-repeat":"repeat","background-position":"center center","background-size":"auto","background-attachment":"scroll","background-type":"","background-media":"","overlay-type":"","overlay-color":"","overlay-gradient":""},"mobile":{"background-color":"var(--ast-global-color-5)","background-image":"","background-repeat":"repeat","background-position":"center center","background-size":"auto","background-attachment":"scroll","background-type":"","background-media":"","overlay-type":"","overlay-color":"","overlay-gradient":""}},"footnotes":""},"categories":[19166,199,2793],"tags":[90281,90282,73480,19288,11437,90283],"class_list":["post-32935","post","type-post","status-publish","format-standard","hentry","category-alicante","category-fisica","category-termodinamica","tag-concepcion-crespo","tag-francisco-sanchez-campo","tag-gras-albert-juan-ramon","tag-jose-talavera-sanchez","tag-ramon-lopez-Martinez","tag-sanchez-fernandez-de-sentle-m-carmen"],"_links":{"self":[{"href":"https:\/\/www.deberes.net\/tesis\/wp-json\/wp\/v2\/posts\/32935","targetHints":{"allow":["GET"]}}],"collection":[{"href":"https:\/\/www.deberes.net\/tesis\/wp-json\/wp\/v2\/posts"}],"about":[{"href":"https:\/\/www.deberes.net\/tesis\/wp-json\/wp\/v2\/types\/post"}],"author":[{"embeddable":true,"href":"https:\/\/www.deberes.net\/tesis\/wp-json\/wp\/v2\/users\/1"}],"replies":[{"embeddable":true,"href":"https:\/\/www.deberes.net\/tesis\/wp-json\/wp\/v2\/comments?post=32935"}],"version-history":[{"count":0,"href":"https:\/\/www.deberes.net\/tesis\/wp-json\/wp\/v2\/posts\/32935\/revisions"}],"wp:attachment":[{"href":"https:\/\/www.deberes.net\/tesis\/wp-json\/wp\/v2\/media?parent=32935"}],"wp:term":[{"taxonomy":"category","embeddable":true,"href":"https:\/\/www.deberes.net\/tesis\/wp-json\/wp\/v2\/categories?post=32935"},{"taxonomy":"post_tag","embeddable":true,"href":"https:\/\/www.deberes.net\/tesis\/wp-json\/wp\/v2\/tags?post=32935"}],"curies":[{"name":"wp","href":"https:\/\/api.w.org\/{rel}","templated":true}]}}