{"id":32947,"date":"1997-10-04T00:00:00","date_gmt":"1997-10-04T00:00:00","guid":{"rendered":"https:\/\/www.deberes.net\/tesis\/sin-categoria\/evaluacion-formativa-de-programas-educativos-desde-la-perspectiva-de-la-calidad-total-aplicacion-metodologica-a-la-evaluacion-del-master-en-gestion-de-la-empresa-industrial\/"},"modified":"1997-10-04T00:00:00","modified_gmt":"1997-10-04T00:00:00","slug":"evaluacion-formativa-de-programas-educativos-desde-la-perspectiva-de-la-calidad-total-aplicacion-metodologica-a-la-evaluacion-del-master-en-gestion-de-la-empresa-industrial","status":"publish","type":"post","link":"https:\/\/www.deberes.net\/tesis\/pedagogia\/evaluacion-formativa-de-programas-educativos-desde-la-perspectiva-de-la-calidad-total-aplicacion-metodologica-a-la-evaluacion-del-master-en-gestion-de-la-empresa-industrial\/","title":{"rendered":"Evaluacion formativa de programas educativos desde la perspectiva de la calidad total. aplicacion metodologica a la evaluacion del master en gestion de la empresa industrial."},"content":{"rendered":"<h2>Tesis doctoral de <strong> Jes\u00fas Tric\u00c1\u00a0s Preckler <\/strong><\/h2>\n<p>El prop\u00f3sito de este estudio es analizar las posibilidades de la evaluaci\u00f3n formativa de programas educativos, partiendo del actual concepto de calidad. La calidad, ha dejado de considerarse como algo intr\u00ednseco al producto, para identificarse con la satisfacci\u00f3n de las expectativas del cliente. Este cambio significa ampliar el \u00e1mbito de actividades y funciones implicadas.  la calidad total, t\u00e9rmino que identifica esta perspectiva, es tambi\u00e9n aplicable al dominio de los servicios, consider\u00e1ndose un elemento clave para la competitividad de las empresas que los proporcionan. En el campo de los servicios educativos, pese a las peculiaridades propias de los mismos, comienza a introducirse el concepto de calidad total. Pero la educaci\u00f3n cuenta con una acreditada tradici\u00f3n evaluativa que no puede ser ignorada. En este sentido se analiza la complementariedad entre ambas disciplinas. M\u00e1s a\u00fan, se observa como la evaluaci\u00f3n educativa ha seguido una evoluci\u00f3n similar y los criterios intr\u00ednsecos (evaluaci\u00f3n tyleriana) han dado paso a formas mucho m\u00e1s subjetivas (evaluaci\u00f3n respondente y naturalista). Adem\u00e1s de estudiar la coherencia de las nuevas tendencias se ha querido demostrar su utilidad pr\u00e1ctica. Por ello, se presenta la evaluaci\u00f3n formativa del programa m\u00e1ster en gesti\u00f3n de la empresa industrial del i.Q.S. Realizada con una metodolog\u00eda acorde con el planteamiento expuesto y alcanzando \u00e1mbitos que tradicionalmente eran ignorados al evaluar un programa educativo. Los resultados conducen a propuestas interesantes para la mejora del mencionado m\u00e1ster, pero tambi\u00e9n, y esto es lo m\u00e1s importante, a una serie de consideraciones metodol\u00f3gicas a tener en cuenta cuando se realice una evaluaci\u00f3n formativa de un programa educativo desde la perspectiva de la calidad total.<\/p>\n<p>&nbsp;<\/p>\n<h3>Datos acad\u00e9micos de la tesis doctoral \u00ab<strong>Evaluacion formativa de programas educativos desde la perspectiva de la calidad total. aplicacion metodologica a la evaluacion del master en gestion de la empresa industrial.<\/strong>\u00ab<\/h3>\n<ul>\n<li><strong>T\u00edtulo de la tesis:<\/strong>\u00a0 Evaluacion formativa de programas educativos desde la perspectiva de la calidad total. aplicacion metodologica a la evaluacion del master en gestion de la empresa industrial. <\/li>\n<li><strong>Autor:<\/strong>\u00a0 Jes\u00fas Tric\u00c1\u00a0s Preckler <\/li>\n<li><strong>Universidad:<\/strong>\u00a0 Ram\u00f3n llull<\/li>\n<li><strong>Fecha de lectura de la tesis:<\/strong>\u00a0 10\/04\/1997<\/li>\n<\/ul>\n<p>&nbsp;<\/p>\n<h3>Direcci\u00f3n y tribunal<\/h3>\n<ul>\n<li><strong>Director de la tesis<\/strong>\n<ul>\n<li> Salvat Ferrer Jos\u00e9 Lu\u00eds<\/li>\n<\/ul>\n<\/li>\n<li><strong>Tribunal<\/strong>\n<ul>\n<li>Presidente del tribunal: enric Juli? dan\u00e9s <\/li>\n<li>xavier Tort-martorell (vocal)<\/li>\n<li>Juan Roure alomar (vocal)<\/li>\n<li>miquel Montagut buscas (vocal)<\/li>\n<\/ul>\n<\/li>\n<\/ul>\n<p>&nbsp;<\/p>\n","protected":false},"excerpt":{"rendered":"<p>Tesis doctoral de Jes\u00fas Tric\u00c1\u00a0s Preckler El prop\u00f3sito de este estudio es analizar las posibilidades de la evaluaci\u00f3n formativa de [&hellip;]<\/p>\n","protected":false},"author":1,"featured_media":0,"comment_status":"open","ping_status":"open","sticky":false,"template":"","format":"standard","meta":{"site-sidebar-layout":"default","site-content-layout":"","ast-site-content-layout":"","site-content-style":"default","site-sidebar-style":"default","ast-global-header-display":"","ast-banner-title-visibility":"","ast-main-header-display":"","ast-hfb-above-header-display":"","ast-hfb-below-header-display":"","ast-hfb-mobile-header-display":"","site-post-title":"","ast-breadcrumbs-content":"","ast-featured-img":"","footer-sml-layout":"","theme-transparent-header-meta":"","adv-header-id-meta":"","stick-header-meta":"","header-above-stick-meta":"","header-main-stick-meta":"","header-below-stick-meta":"","astra-migrate-meta-layouts":"default","ast-page-background-enabled":"default","ast-page-background-meta":{"desktop":{"background-color":"var(--ast-global-color-4)","background-image":"","background-repeat":"repeat","background-position":"center center","background-size":"auto","background-attachment":"scroll","background-type":"","background-media":"","overlay-type":"","overlay-color":"","overlay-gradient":""},"tablet":{"background-color":"","background-image":"","background-repeat":"repeat","background-position":"center center","background-size":"auto","background-attachment":"scroll","background-type":"","background-media":"","overlay-type":"","overlay-color":"","overlay-gradient":""},"mobile":{"background-color":"","background-image":"","background-repeat":"repeat","background-position":"center center","background-size":"auto","background-attachment":"scroll","background-type":"","background-media":"","overlay-type":"","overlay-color":"","overlay-gradient":""}},"ast-content-background-meta":{"desktop":{"background-color":"var(--ast-global-color-5)","background-image":"","background-repeat":"repeat","background-position":"center center","background-size":"auto","background-attachment":"scroll","background-type":"","background-media":"","overlay-type":"","overlay-color":"","overlay-gradient":""},"tablet":{"background-color":"var(--ast-global-color-5)","background-image":"","background-repeat":"repeat","background-position":"center center","background-size":"auto","background-attachment":"scroll","background-type":"","background-media":"","overlay-type":"","overlay-color":"","overlay-gradient":""},"mobile":{"background-color":"var(--ast-global-color-5)","background-image":"","background-repeat":"repeat","background-position":"center center","background-size":"auto","background-attachment":"scroll","background-type":"","background-media":"","overlay-type":"","overlay-color":"","overlay-gradient":""}},"footnotes":""},"categories":[1184,1141,32959],"tags":[76954,90309,73411,90312,90310,90311],"class_list":["post-32947","post","type-post","status-publish","format-standard","hentry","category-organizacion-y-planificacion-de-la-educacion","category-pedagogia","category-ramon-llull","tag-enric-juli-danes","tag-jesus-trica-s-preckler","tag-juan-roure-alomar","tag-miquel-montagut-buscas","tag-salvat-ferrer-jose-luis","tag-xavier-tort-martorell"],"_links":{"self":[{"href":"https:\/\/www.deberes.net\/tesis\/wp-json\/wp\/v2\/posts\/32947","targetHints":{"allow":["GET"]}}],"collection":[{"href":"https:\/\/www.deberes.net\/tesis\/wp-json\/wp\/v2\/posts"}],"about":[{"href":"https:\/\/www.deberes.net\/tesis\/wp-json\/wp\/v2\/types\/post"}],"author":[{"embeddable":true,"href":"https:\/\/www.deberes.net\/tesis\/wp-json\/wp\/v2\/users\/1"}],"replies":[{"embeddable":true,"href":"https:\/\/www.deberes.net\/tesis\/wp-json\/wp\/v2\/comments?post=32947"}],"version-history":[{"count":0,"href":"https:\/\/www.deberes.net\/tesis\/wp-json\/wp\/v2\/posts\/32947\/revisions"}],"wp:attachment":[{"href":"https:\/\/www.deberes.net\/tesis\/wp-json\/wp\/v2\/media?parent=32947"}],"wp:term":[{"taxonomy":"category","embeddable":true,"href":"https:\/\/www.deberes.net\/tesis\/wp-json\/wp\/v2\/categories?post=32947"},{"taxonomy":"post_tag","embeddable":true,"href":"https:\/\/www.deberes.net\/tesis\/wp-json\/wp\/v2\/tags?post=32947"}],"curies":[{"name":"wp","href":"https:\/\/api.w.org\/{rel}","templated":true}]}}