{"id":32965,"date":"2018-03-09T09:29:51","date_gmt":"2018-03-09T09:29:51","guid":{"rendered":"https:\/\/www.deberes.net\/tesis\/sin-categoria\/oscilaciones-casi-periodicas-en-la-alta-ionosfera-relacionadas-con-la-actividad-de-las-ondas-planetarias-en-la-atmosfera-media\/"},"modified":"2018-03-09T09:29:51","modified_gmt":"2018-03-09T09:29:51","slug":"oscilaciones-casi-periodicas-en-la-alta-ionosfera-relacionadas-con-la-actividad-de-las-ondas-planetarias-en-la-atmosfera-media","status":"publish","type":"post","link":"https:\/\/www.deberes.net\/tesis\/astronomia-y-astrofisica\/oscilaciones-casi-periodicas-en-la-alta-ionosfera-relacionadas-con-la-actividad-de-las-ondas-planetarias-en-la-atmosfera-media\/","title":{"rendered":"Oscilaciones casi-periodicas en la alta ionosfera relacionadas con la actividad de las ondas planetarias en la atmosfera media."},"content":{"rendered":"<h2>Tesis doctoral de <strong> David Altadill Felip <\/strong><\/h2>\n<p>Las oscilaciones del tipo ondas planetarias (op) y las variaciones en los flujos de radiaci\u00f3n solar ionizante son las fuentes principales de variabilidad ionosf\u00e9rica.  debido a las oscilaciones entre las op en la atm\u00f3sfera media neutra y las oscilaciones del tipo op en la ionosfera, existen diferentes mecanismos potenciales para explicar el origen de tales oscilaciones en la ionosfera.  aplicando an\u00e1lisis estad\u00edsticos y m\u00e9todos espectrales de alta resoluci\u00f3n en frecuencia, sobre datos de fof2 correspondientes a diferentes estaciones ionosf\u00e9ricas distribuidas en el globo, se ha efectuado un estudio del comportamiento espacial y temporal de las oscilaciones del tipo op en la alta ionosfera para evaluar las prioridades de los mecanismos de origen propuestos hasta la fecha. Se ha encontrado que, dentro del rango peri\u00f3dico de las op, existen 10 bandas peri\u00f3dicas en las variaciones temporales de fof2, con per\u00edodos dominantes de 2-d\u00edas, 3-5-, 6.5-,9-,13.5-,18.6-,21.8-,27.4- y 31.5 d\u00edas. Se sugiere que las bandas de 2- a 9- d\u00edas de per\u00edodo est\u00e1n relacionadas con las variaciones de la radiaci\u00f3n solar ionizante. Tambi\u00e9n se ha encontrado la persistencia de la oscilaci\u00f3n de 2- d\u00edas en los \u00edndices de actividad geomagn\u00e9tica y se propone una explicaci\u00f3n para inducir dicha oscilaci\u00f3n. El esfuerzo principal de esta investigaci\u00f3n se ha dirigido sobre la oscilaci\u00f3n de 2-d\u00edas en la alta ionosfera. En este estudio exhaustivo sobre la oscilaci\u00f3n de 2-d\u00edas en fof2, se ha determinado gran similitud hemisf\u00e9rica en la variaci\u00f3n estacional de su amplitud, per\u00edodo y probabilidad de existencia. La variaci\u00f3n anual de la amplitud est\u00e1 modulada simult\u00e1neamente por las ondas geomagn\u00e9ticas semianual y hemisf\u00e9rica de 12-meses, el per\u00edodo dominante es m\u00e1ximo en verano (50-51 horas) y m\u00ednimo en invierno (47-49 horas) y, la probabilidad de existencia es m\u00e1xima durante el verano y m\u00ednima durante el invierno. Las observaciones<\/p>\n<p>&nbsp;<\/p>\n<h3>Datos acad\u00e9micos de la tesis doctoral \u00ab<strong>Oscilaciones casi-periodicas en la alta ionosfera relacionadas con la actividad de las ondas planetarias en la atmosfera media.<\/strong>\u00ab<\/h3>\n<ul>\n<li><strong>T\u00edtulo de la tesis:<\/strong>\u00a0 Oscilaciones casi-periodicas en la alta ionosfera relacionadas con la actividad de las ondas planetarias en la atmosfera media. <\/li>\n<li><strong>Autor:<\/strong>\u00a0 David Altadill Felip <\/li>\n<li><strong>Universidad:<\/strong>\u00a0 Ram\u00f3n llull<\/li>\n<li><strong>Fecha de lectura de la tesis:<\/strong>\u00a0 16\/05\/1997<\/li>\n<\/ul>\n<p>&nbsp;<\/p>\n<h3>Direcci\u00f3n y tribunal<\/h3>\n<ul>\n<li><strong>Director de la tesis<\/strong>\n<ul>\n<li>Emil Marsel Apostolov<\/li>\n<\/ul>\n<\/li>\n<li><strong>Tribunal<\/strong>\n<ul>\n<li>Presidente del tribunal: Blas Sanahuja Parera <\/li>\n<li>Climent Ramis Noguera (vocal)<\/li>\n<li>Eug\u00e9nia Santamar\u00eda P\u00e9rez (vocal)<\/li>\n<li>Antonio Rius Jord\u00e1n (vocal)<\/li>\n<\/ul>\n<\/li>\n<\/ul>\n<p>&nbsp;<\/p>\n","protected":false},"excerpt":{"rendered":"<p>Tesis doctoral de David Altadill Felip Las oscilaciones del tipo ondas planetarias (op) y las variaciones en los flujos de [&hellip;]<\/p>\n","protected":false},"author":1,"featured_media":0,"comment_status":"open","ping_status":"open","sticky":false,"template":"","format":"standard","meta":{"site-sidebar-layout":"default","site-content-layout":"","ast-site-content-layout":"","site-content-style":"default","site-sidebar-style":"default","ast-global-header-display":"","ast-banner-title-visibility":"","ast-main-header-display":"","ast-hfb-above-header-display":"","ast-hfb-below-header-display":"","ast-hfb-mobile-header-display":"","site-post-title":"","ast-breadcrumbs-content":"","ast-featured-img":"","footer-sml-layout":"","theme-transparent-header-meta":"","adv-header-id-meta":"","stick-header-meta":"","header-above-stick-meta":"","header-main-stick-meta":"","header-below-stick-meta":"","astra-migrate-meta-layouts":"default","ast-page-background-enabled":"default","ast-page-background-meta":{"desktop":{"background-color":"var(--ast-global-color-4)","background-image":"","background-repeat":"repeat","background-position":"center center","background-size":"auto","background-attachment":"scroll","background-type":"","background-media":"","overlay-type":"","overlay-color":"","overlay-gradient":""},"tablet":{"background-color":"","background-image":"","background-repeat":"repeat","background-position":"center center","background-size":"auto","background-attachment":"scroll","background-type":"","background-media":"","overlay-type":"","overlay-color":"","overlay-gradient":""},"mobile":{"background-color":"","background-image":"","background-repeat":"repeat","background-position":"center center","background-size":"auto","background-attachment":"scroll","background-type":"","background-media":"","overlay-type":"","overlay-color":"","overlay-gradient":""}},"ast-content-background-meta":{"desktop":{"background-color":"var(--ast-global-color-5)","background-image":"","background-repeat":"repeat","background-position":"center center","background-size":"auto","background-attachment":"scroll","background-type":"","background-media":"","overlay-type":"","overlay-color":"","overlay-gradient":""},"tablet":{"background-color":"var(--ast-global-color-5)","background-image":"","background-repeat":"repeat","background-position":"center center","background-size":"auto","background-attachment":"scroll","background-type":"","background-media":"","overlay-type":"","overlay-color":"","overlay-gradient":""},"mobile":{"background-color":"var(--ast-global-color-5)","background-image":"","background-repeat":"repeat","background-position":"center center","background-size":"auto","background-attachment":"scroll","background-type":"","background-media":"","overlay-type":"","overlay-color":"","overlay-gradient":""}},"footnotes":""},"categories":[1050,3880,3881,32959],"tags":[61074,1054,7203,90337,90338,90339],"class_list":["post-32965","post","type-post","status-publish","format-standard","hentry","category-astronomia-y-astrofisica","category-atmosfera-planetaria","category-planetologia","category-ramon-llull","tag-antonio-rius-jordan","tag-blas-sanahuja-parera","tag-climent-ramis-noguera","tag-david-altadill-felip","tag-emil-marsel-apostolov","tag-eugenia-santamaria-perez"],"_links":{"self":[{"href":"https:\/\/www.deberes.net\/tesis\/wp-json\/wp\/v2\/posts\/32965","targetHints":{"allow":["GET"]}}],"collection":[{"href":"https:\/\/www.deberes.net\/tesis\/wp-json\/wp\/v2\/posts"}],"about":[{"href":"https:\/\/www.deberes.net\/tesis\/wp-json\/wp\/v2\/types\/post"}],"author":[{"embeddable":true,"href":"https:\/\/www.deberes.net\/tesis\/wp-json\/wp\/v2\/users\/1"}],"replies":[{"embeddable":true,"href":"https:\/\/www.deberes.net\/tesis\/wp-json\/wp\/v2\/comments?post=32965"}],"version-history":[{"count":0,"href":"https:\/\/www.deberes.net\/tesis\/wp-json\/wp\/v2\/posts\/32965\/revisions"}],"wp:attachment":[{"href":"https:\/\/www.deberes.net\/tesis\/wp-json\/wp\/v2\/media?parent=32965"}],"wp:term":[{"taxonomy":"category","embeddable":true,"href":"https:\/\/www.deberes.net\/tesis\/wp-json\/wp\/v2\/categories?post=32965"},{"taxonomy":"post_tag","embeddable":true,"href":"https:\/\/www.deberes.net\/tesis\/wp-json\/wp\/v2\/tags?post=32965"}],"curies":[{"name":"wp","href":"https:\/\/api.w.org\/{rel}","templated":true}]}}