{"id":32976,"date":"1997-10-06T00:00:00","date_gmt":"1997-10-06T00:00:00","guid":{"rendered":"https:\/\/www.deberes.net\/tesis\/sin-categoria\/monarqua%c2%ada-constitucional-y-gobierno-parlamentario-el-rey-en-las-crisis-pola%c2%adticas-1875-1902\/"},"modified":"1997-10-06T00:00:00","modified_gmt":"1997-10-06T00:00:00","slug":"monarqua%c2%ada-constitucional-y-gobierno-parlamentario-el-rey-en-las-crisis-pola%c2%adticas-1875-1902","status":"publish","type":"post","link":"https:\/\/www.deberes.net\/tesis\/historia\/monarqua%c2%ada-constitucional-y-gobierno-parlamentario-el-rey-en-las-crisis-pola%c2%adticas-1875-1902\/","title":{"rendered":"Monarqu\u00edaconstitucional y gobierno parlamentario. el rey en las crisis pol\u00edticas (1875-1902)"},"content":{"rendered":"<h2>Tesis doctoral de <strong> M. Angeles Lario Gonz\u00e1lez <\/strong><\/h2>\n<p>En esta tesis se ha analizado pormenorizadamente las crisis pol\u00edticas durante la monarqu\u00eda de alfonso xii y la regencia de mar\u00eda cristina, a trav\u00e9s de ellas se ha estudiado el papel pol\u00edtico efectivo, a trav\u00e9s de ellas se ha estudiado el papel pol\u00edtico efectvo de estos monarcas.  se enmarca en un an\u00e1lisis te\u00f3rico de la doctrina constitucional admitida en la \u00e9poca y de los diferentes modelos constitucionales surgidos en el siglo xix en el occidente seg\u00fan los principios constitucionales. Con ello se situa la restauraci\u00f3n monarquica de 1875 dentro del modelo m\u00e1s generalizado de la \u00e9poca: el gobierno parlamentario. A partir de ah\u00ed se analizan las normas pol\u00edticas admitidas para gestionar las crisis de gobierno, cuya resoluci\u00f3n final estaba en manos del rey. Queda establecida claramente la separaci\u00f3n entre el reinado de alfonso xii y la regencia de m\u00aa cristina cuando el pacto funcion\u00f3 plenamente.<\/p>\n<p>&nbsp;<\/p>\n<h3>Datos acad\u00e9micos de la tesis doctoral \u00ab<strong>Monarqu\u00edaconstitucional y gobierno parlamentario. el rey en las crisis pol\u00edticas (1875-1902)<\/strong>\u00ab<\/h3>\n<ul>\n<li><strong>T\u00edtulo de la tesis:<\/strong>\u00a0 Monarqu\u00edaconstitucional y gobierno parlamentario. el rey en las crisis pol\u00edticas (1875-1902) <\/li>\n<li><strong>Autor:<\/strong>\u00a0 M. Angeles Lario Gonz\u00e1lez <\/li>\n<li><strong>Universidad:<\/strong>\u00a0 Nacional de educaci\u00f3n a distancia<\/li>\n<li><strong>Fecha de lectura de la tesis:<\/strong>\u00a0 10\/06\/1997<\/li>\n<\/ul>\n<p>&nbsp;<\/p>\n<h3>Direcci\u00f3n y tribunal<\/h3>\n<ul>\n<li><strong>Director de la tesis<\/strong>\n<ul>\n<li>Javier Tusell G\u00f3mez<\/li>\n<\/ul>\n<\/li>\n<li><strong>Tribunal<\/strong>\n<ul>\n<li>Presidente del tribunal: Juan  pablo Fusi aizpurua <\/li>\n<li>Mar\u00eda no Garcia canales (vocal)<\/li>\n<li>ignacio Marcuello benedicto (vocal)<\/li>\n<li>feliciano Montero garcia (vocal)<\/li>\n<\/ul>\n<\/li>\n<\/ul>\n<p>&nbsp;<\/p>\n","protected":false},"excerpt":{"rendered":"<p>Tesis doctoral de M. Angeles Lario Gonz\u00e1lez En esta tesis se ha analizado pormenorizadamente las crisis pol\u00edticas durante la monarqu\u00eda [&hellip;]<\/p>\n","protected":false},"author":1,"featured_media":0,"comment_status":"open","ping_status":"open","sticky":false,"template":"","format":"standard","meta":{"site-sidebar-layout":"default","site-content-layout":"","ast-site-content-layout":"","site-content-style":"default","site-sidebar-style":"default","ast-global-header-display":"","ast-banner-title-visibility":"","ast-main-header-display":"","ast-hfb-above-header-display":"","ast-hfb-below-header-display":"","ast-hfb-mobile-header-display":"","site-post-title":"","ast-breadcrumbs-content":"","ast-featured-img":"","footer-sml-layout":"","theme-transparent-header-meta":"","adv-header-id-meta":"","stick-header-meta":"","header-above-stick-meta":"","header-main-stick-meta":"","header-below-stick-meta":"","astra-migrate-meta-layouts":"default","ast-page-background-enabled":"default","ast-page-background-meta":{"desktop":{"background-color":"var(--ast-global-color-4)","background-image":"","background-repeat":"repeat","background-position":"center center","background-size":"auto","background-attachment":"scroll","background-type":"","background-media":"","overlay-type":"","overlay-color":"","overlay-gradient":""},"tablet":{"background-color":"","background-image":"","background-repeat":"repeat","background-position":"center center","background-size":"auto","background-attachment":"scroll","background-type":"","background-media":"","overlay-type":"","overlay-color":"","overlay-gradient":""},"mobile":{"background-color":"","background-image":"","background-repeat":"repeat","background-position":"center center","background-size":"auto","background-attachment":"scroll","background-type":"","background-media":"","overlay-type":"","overlay-color":"","overlay-gradient":""}},"ast-content-background-meta":{"desktop":{"background-color":"var(--ast-global-color-5)","background-image":"","background-repeat":"repeat","background-position":"center center","background-size":"auto","background-attachment":"scroll","background-type":"","background-media":"","overlay-type":"","overlay-color":"","overlay-gradient":""},"tablet":{"background-color":"var(--ast-global-color-5)","background-image":"","background-repeat":"repeat","background-position":"center center","background-size":"auto","background-attachment":"scroll","background-type":"","background-media":"","overlay-type":"","overlay-color":"","overlay-gradient":""},"mobile":{"background-color":"var(--ast-global-color-5)","background-image":"","background-repeat":"repeat","background-position":"center center","background-size":"auto","background-attachment":"scroll","background-type":"","background-media":"","overlay-type":"","overlay-color":"","overlay-gradient":""}},"footnotes":""},"categories":[104,1816,220,17070],"tags":[6390,90357,15559,6662,90356,52070],"class_list":["post-32976","post","type-post","status-publish","format-standard","hentry","category-historia","category-historia-contemporanea","category-historia-por-epocas","category-nacional-de-educacion-a-distancia","tag-feliciano-montero-garcia","tag-ignacio-marcuello-benedicto","tag-javier-tusell-gomez","tag-juan-pablo-fusi-aizpurua","tag-m-angeles-lario-gonzalez","tag-maria-no-garcia-canales"],"_links":{"self":[{"href":"https:\/\/www.deberes.net\/tesis\/wp-json\/wp\/v2\/posts\/32976","targetHints":{"allow":["GET"]}}],"collection":[{"href":"https:\/\/www.deberes.net\/tesis\/wp-json\/wp\/v2\/posts"}],"about":[{"href":"https:\/\/www.deberes.net\/tesis\/wp-json\/wp\/v2\/types\/post"}],"author":[{"embeddable":true,"href":"https:\/\/www.deberes.net\/tesis\/wp-json\/wp\/v2\/users\/1"}],"replies":[{"embeddable":true,"href":"https:\/\/www.deberes.net\/tesis\/wp-json\/wp\/v2\/comments?post=32976"}],"version-history":[{"count":0,"href":"https:\/\/www.deberes.net\/tesis\/wp-json\/wp\/v2\/posts\/32976\/revisions"}],"wp:attachment":[{"href":"https:\/\/www.deberes.net\/tesis\/wp-json\/wp\/v2\/media?parent=32976"}],"wp:term":[{"taxonomy":"category","embeddable":true,"href":"https:\/\/www.deberes.net\/tesis\/wp-json\/wp\/v2\/categories?post=32976"},{"taxonomy":"post_tag","embeddable":true,"href":"https:\/\/www.deberes.net\/tesis\/wp-json\/wp\/v2\/tags?post=32976"}],"curies":[{"name":"wp","href":"https:\/\/api.w.org\/{rel}","templated":true}]}}