{"id":32983,"date":"2018-03-09T09:29:53","date_gmt":"2018-03-09T09:29:53","guid":{"rendered":"https:\/\/www.deberes.net\/tesis\/sin-categoria\/politica-ambiental-y-derecho-internacional\/"},"modified":"2018-03-09T09:29:53","modified_gmt":"2018-03-09T09:29:53","slug":"politica-ambiental-y-derecho-internacional","status":"publish","type":"post","link":"https:\/\/www.deberes.net\/tesis\/ciencias-juridicas-y-derecho\/politica-ambiental-y-derecho-internacional\/","title":{"rendered":"Politica ambiental y derecho internacional."},"content":{"rendered":"<h2>Tesis doctoral de <strong> Alejandro Romero Jimenez <\/strong><\/h2>\n<p>La tesis est\u00e1 dividida en dos partes: la primera de ellas versa sobre los residuos peligrosos y su tratamiento en el tratado de libre comercio de am\u00e9rica del norte y donde se hace especial referencia a la incidencia de este tratado en la legislaci\u00f3n ambiental mexicana; se parte primeramente desde la pol\u00edtica ambiental norteamericana que instituye controles federales para controlar los residuos peligrosos; acto seguido se comenta desde la perspectiva norteamericana cuales son los mecanismos para elegir y en consecuencia aplicar el derecho extranjero en materia ambiental. Por el otro lado, se hace rese\u00f1a a los acuerdos ambientales fronterizos celebrados entre estados unidos y mexico, mismos que son el primer antecedente sobre cooperaci\u00f3n ambientalen norteamerica, para posteriormente pasar al tratado de libre comercio donde se demuestra que este no incluye ningun cap\u00edtulo respectivo sobre residuos pero nos remite al acuerdo de cooperaci\u00f3n ambiental de am\u00e9rica del norte, y que es el competente para conocer sobre las pautas persistentes de omisiones en la aplicaci\u00f3n afectiva de su legislaci\u00f3n ambiental. La segunda parte hace menci\u00f3n al tratamiento de los residuos desde el \u00e1mbito comunitario y en especial su incidencia en espa\u00f1a.<\/p>\n<p>&nbsp;<\/p>\n<h3>Datos acad\u00e9micos de la tesis doctoral \u00ab<strong>Politica ambiental y derecho internacional.<\/strong>\u00ab<\/h3>\n<ul>\n<li><strong>T\u00edtulo de la tesis:<\/strong>\u00a0 Politica ambiental y derecho internacional. <\/li>\n<li><strong>Autor:<\/strong>\u00a0 Alejandro Romero Jimenez <\/li>\n<li><strong>Universidad:<\/strong>\u00a0 Complutense de Madrid<\/li>\n<li><strong>Fecha de lectura de la tesis:<\/strong>\u00a0 17\/06\/1997<\/li>\n<\/ul>\n<p>&nbsp;<\/p>\n<h3>Direcci\u00f3n y tribunal<\/h3>\n<ul>\n<li><strong>Director de la tesis<\/strong>\n<ul>\n<li>Antonio Ortiz Arce De La Fuente<\/li>\n<\/ul>\n<\/li>\n<li><strong>Tribunal<\/strong>\n<ul>\n<li>Presidente del tribunal: Jos\u00e9 Luis Lampreave <\/li>\n<li>Jos\u00e9 Luis Iriarte Angel (vocal)<\/li>\n<li>Pedro Pablo Miralles   S. (vocal)<\/li>\n<li>Luis Martinez S. (vocal)<\/li>\n<\/ul>\n<\/li>\n<\/ul>\n<p>&nbsp;<\/p>\n","protected":false},"excerpt":{"rendered":"<p>Tesis doctoral de Alejandro Romero Jimenez La tesis est\u00e1 dividida en dos partes: la primera de ellas versa sobre los [&hellip;]<\/p>\n","protected":false},"author":1,"featured_media":0,"comment_status":"open","ping_status":"open","sticky":false,"template":"","format":"standard","meta":{"site-sidebar-layout":"default","site-content-layout":"","ast-site-content-layout":"","site-content-style":"default","site-sidebar-style":"default","ast-global-header-display":"","ast-banner-title-visibility":"","ast-main-header-display":"","ast-hfb-above-header-display":"","ast-hfb-below-header-display":"","ast-hfb-mobile-header-display":"","site-post-title":"","ast-breadcrumbs-content":"","ast-featured-img":"","footer-sml-layout":"","theme-transparent-header-meta":"","adv-header-id-meta":"","stick-header-meta":"","header-above-stick-meta":"","header-main-stick-meta":"","header-below-stick-meta":"","astra-migrate-meta-layouts":"default","ast-page-background-enabled":"default","ast-page-background-meta":{"desktop":{"background-color":"var(--ast-global-color-4)","background-image":"","background-repeat":"repeat","background-position":"center center","background-size":"auto","background-attachment":"scroll","background-type":"","background-media":"","overlay-type":"","overlay-color":"","overlay-gradient":""},"tablet":{"background-color":"","background-image":"","background-repeat":"repeat","background-position":"center center","background-size":"auto","background-attachment":"scroll","background-type":"","background-media":"","overlay-type":"","overlay-color":"","overlay-gradient":""},"mobile":{"background-color":"","background-image":"","background-repeat":"repeat","background-position":"center center","background-size":"auto","background-attachment":"scroll","background-type":"","background-media":"","overlay-type":"","overlay-color":"","overlay-gradient":""}},"ast-content-background-meta":{"desktop":{"background-color":"var(--ast-global-color-5)","background-image":"","background-repeat":"repeat","background-position":"center center","background-size":"auto","background-attachment":"scroll","background-type":"","background-media":"","overlay-type":"","overlay-color":"","overlay-gradient":""},"tablet":{"background-color":"var(--ast-global-color-5)","background-image":"","background-repeat":"repeat","background-position":"center center","background-size":"auto","background-attachment":"scroll","background-type":"","background-media":"","overlay-type":"","overlay-color":"","overlay-gradient":""},"mobile":{"background-color":"var(--ast-global-color-5)","background-image":"","background-repeat":"repeat","background-position":"center center","background-size":"auto","background-attachment":"scroll","background-type":"","background-media":"","overlay-type":"","overlay-color":"","overlay-gradient":""}},"footnotes":""},"categories":[612,1211,37684,839],"tags":[90372,38059,55194,90373,90375,90374],"class_list":["post-32983","post","type-post","status-publish","format-standard","hentry","category-ciencias-juridicas-y-derecho","category-derecho-internacional","category-politica-del-medio-ambiente","category-politicas-sectoriales","tag-alejandro-romero-jimenez","tag-antonio-ortiz-arce-de-la-fuente","tag-jose-luis-iriarte-angel","tag-jose-luis-lampreave","tag-luis-Martinez-s","tag-pedro-pablo-miralles-s"],"_links":{"self":[{"href":"https:\/\/www.deberes.net\/tesis\/wp-json\/wp\/v2\/posts\/32983","targetHints":{"allow":["GET"]}}],"collection":[{"href":"https:\/\/www.deberes.net\/tesis\/wp-json\/wp\/v2\/posts"}],"about":[{"href":"https:\/\/www.deberes.net\/tesis\/wp-json\/wp\/v2\/types\/post"}],"author":[{"embeddable":true,"href":"https:\/\/www.deberes.net\/tesis\/wp-json\/wp\/v2\/users\/1"}],"replies":[{"embeddable":true,"href":"https:\/\/www.deberes.net\/tesis\/wp-json\/wp\/v2\/comments?post=32983"}],"version-history":[{"count":0,"href":"https:\/\/www.deberes.net\/tesis\/wp-json\/wp\/v2\/posts\/32983\/revisions"}],"wp:attachment":[{"href":"https:\/\/www.deberes.net\/tesis\/wp-json\/wp\/v2\/media?parent=32983"}],"wp:term":[{"taxonomy":"category","embeddable":true,"href":"https:\/\/www.deberes.net\/tesis\/wp-json\/wp\/v2\/categories?post=32983"},{"taxonomy":"post_tag","embeddable":true,"href":"https:\/\/www.deberes.net\/tesis\/wp-json\/wp\/v2\/tags?post=32983"}],"curies":[{"name":"wp","href":"https:\/\/api.w.org\/{rel}","templated":true}]}}