{"id":32985,"date":"2018-03-09T09:29:53","date_gmt":"2018-03-09T09:29:53","guid":{"rendered":"https:\/\/www.deberes.net\/tesis\/sin-categoria\/la-comunidad-de-villa-y-tierra-de-cuellar-a-finales-de-la-edad-media\/"},"modified":"2018-03-09T09:29:53","modified_gmt":"2018-03-09T09:29:53","slug":"la-comunidad-de-villa-y-tierra-de-cuellar-a-finales-de-la-edad-media","status":"publish","type":"post","link":"https:\/\/www.deberes.net\/tesis\/historia\/la-comunidad-de-villa-y-tierra-de-cuellar-a-finales-de-la-edad-media\/","title":{"rendered":"La comunidad de villa y tierra de cuellar a finales de la edad media."},"content":{"rendered":"<h2>Tesis doctoral de <strong> Emilio Olmos Herguedas <\/strong><\/h2>\n<p>Estudio de las transformaciones producidas en la comunidad de villa y tierra de cu\u00e9llar durante los siglos xv y xvi. En especial en lo que se refiere a las relaciones sociales de producci\u00f3n estudiadas a partir de las ordenanzas locales. Todo ello precedido de una extensa reflexi\u00f3n te\u00f3rica y metodol\u00f3gica sobre el objeto de la investigaci\u00f3n hist\u00f3rica y sobre el modo de producci\u00f3n feudal, y seguido de una valoraci\u00f3n sobre el uso de la fuente oral y del trabajo de campo etnogr\u00e1fico en este tipo de estudios.<\/p>\n<p>&nbsp;<\/p>\n<h3>Datos acad\u00e9micos de la tesis doctoral \u00ab<strong>La comunidad de villa y tierra de cuellar a finales de la edad media.<\/strong>\u00ab<\/h3>\n<ul>\n<li><strong>T\u00edtulo de la tesis:<\/strong>\u00a0 La comunidad de villa y tierra de cuellar a finales de la edad media. <\/li>\n<li><strong>Autor:<\/strong>\u00a0 Emilio Olmos Herguedas <\/li>\n<li><strong>Universidad:<\/strong>\u00a0 Valladolid<\/li>\n<li><strong>Fecha de lectura de la tesis:<\/strong>\u00a0 20\/06\/1997<\/li>\n<\/ul>\n<p>&nbsp;<\/p>\n<h3>Direcci\u00f3n y tribunal<\/h3>\n<ul>\n<li><strong>Director de la tesis<\/strong>\n<ul>\n<li>M. Isabel Del Val Valdivieso<\/li>\n<\/ul>\n<\/li>\n<li><strong>Tribunal<\/strong>\n<ul>\n<li>Presidente del tribunal: julio Valde\u00f3n baruque <\/li>\n<li>m. carmen Rodr\u00edguez gonz\u00e1lez (vocal)<\/li>\n<li>Francisco Fern\u00e1ndez buey (vocal)<\/li>\n<li>Mar\u00eda Asenjo gonzalez (vocal)<\/li>\n<\/ul>\n<\/li>\n<\/ul>\n<p>&nbsp;<\/p>\n","protected":false},"excerpt":{"rendered":"<p>Tesis doctoral de Emilio Olmos Herguedas Estudio de las transformaciones producidas en la comunidad de villa y tierra de cu\u00e9llar [&hellip;]<\/p>\n","protected":false},"author":1,"featured_media":0,"comment_status":"open","ping_status":"open","sticky":false,"template":"","format":"standard","meta":{"site-sidebar-layout":"default","site-content-layout":"","ast-site-content-layout":"","site-content-style":"default","site-sidebar-style":"default","ast-global-header-display":"","ast-banner-title-visibility":"","ast-main-header-display":"","ast-hfb-above-header-display":"","ast-hfb-below-header-display":"","ast-hfb-mobile-header-display":"","site-post-title":"","ast-breadcrumbs-content":"","ast-featured-img":"","footer-sml-layout":"","theme-transparent-header-meta":"","adv-header-id-meta":"","stick-header-meta":"","header-above-stick-meta":"","header-main-stick-meta":"","header-below-stick-meta":"","astra-migrate-meta-layouts":"default","ast-page-background-enabled":"default","ast-page-background-meta":{"desktop":{"background-color":"var(--ast-global-color-4)","background-image":"","background-repeat":"repeat","background-position":"center center","background-size":"auto","background-attachment":"scroll","background-type":"","background-media":"","overlay-type":"","overlay-color":"","overlay-gradient":""},"tablet":{"background-color":"","background-image":"","background-repeat":"repeat","background-position":"center center","background-size":"auto","background-attachment":"scroll","background-type":"","background-media":"","overlay-type":"","overlay-color":"","overlay-gradient":""},"mobile":{"background-color":"","background-image":"","background-repeat":"repeat","background-position":"center center","background-size":"auto","background-attachment":"scroll","background-type":"","background-media":"","overlay-type":"","overlay-color":"","overlay-gradient":""}},"ast-content-background-meta":{"desktop":{"background-color":"var(--ast-global-color-5)","background-image":"","background-repeat":"repeat","background-position":"center center","background-size":"auto","background-attachment":"scroll","background-type":"","background-media":"","overlay-type":"","overlay-color":"","overlay-gradient":""},"tablet":{"background-color":"var(--ast-global-color-5)","background-image":"","background-repeat":"repeat","background-position":"center center","background-size":"auto","background-attachment":"scroll","background-type":"","background-media":"","overlay-type":"","overlay-color":"","overlay-gradient":""},"mobile":{"background-color":"var(--ast-global-color-5)","background-image":"","background-repeat":"repeat","background-position":"center center","background-size":"auto","background-attachment":"scroll","background-type":"","background-media":"","overlay-type":"","overlay-color":"","overlay-gradient":""}},"footnotes":""},"categories":[104,119,220,12451],"tags":[90378,8539,12714,27915,90379,22717],"class_list":["post-32985","post","type-post","status-publish","format-standard","hentry","category-historia","category-historia-medieval","category-historia-por-epocas","category-valladolid","tag-emilio-olmos-herguedas","tag-francisco-fernandez-buey","tag-julio-valdeon-baruque","tag-m-carmen-rodriguez-gonzalez","tag-m-isabel-del-val-valdivieso","tag-maria-asenjo-gonzalez"],"_links":{"self":[{"href":"https:\/\/www.deberes.net\/tesis\/wp-json\/wp\/v2\/posts\/32985","targetHints":{"allow":["GET"]}}],"collection":[{"href":"https:\/\/www.deberes.net\/tesis\/wp-json\/wp\/v2\/posts"}],"about":[{"href":"https:\/\/www.deberes.net\/tesis\/wp-json\/wp\/v2\/types\/post"}],"author":[{"embeddable":true,"href":"https:\/\/www.deberes.net\/tesis\/wp-json\/wp\/v2\/users\/1"}],"replies":[{"embeddable":true,"href":"https:\/\/www.deberes.net\/tesis\/wp-json\/wp\/v2\/comments?post=32985"}],"version-history":[{"count":0,"href":"https:\/\/www.deberes.net\/tesis\/wp-json\/wp\/v2\/posts\/32985\/revisions"}],"wp:attachment":[{"href":"https:\/\/www.deberes.net\/tesis\/wp-json\/wp\/v2\/media?parent=32985"}],"wp:term":[{"taxonomy":"category","embeddable":true,"href":"https:\/\/www.deberes.net\/tesis\/wp-json\/wp\/v2\/categories?post=32985"},{"taxonomy":"post_tag","embeddable":true,"href":"https:\/\/www.deberes.net\/tesis\/wp-json\/wp\/v2\/tags?post=32985"}],"curies":[{"name":"wp","href":"https:\/\/api.w.org\/{rel}","templated":true}]}}