{"id":33021,"date":"2018-03-09T09:29:56","date_gmt":"2018-03-09T09:29:56","guid":{"rendered":"https:\/\/www.deberes.net\/tesis\/sin-categoria\/edicio-critica-i-estudi-de-la-summa-de-col-lacions-de-j-de-gal-les\/"},"modified":"2018-03-09T09:29:56","modified_gmt":"2018-03-09T09:29:56","slug":"edicio-critica-i-estudi-de-la-summa-de-col-lacions-de-j-de-gal-les","status":"publish","type":"post","link":"https:\/\/www.deberes.net\/tesis\/ciencias-de-las-artes-y-las-letras\/edicio-critica-i-estudi-de-la-summa-de-col-lacions-de-j-de-gal-les\/","title":{"rendered":"Edicio critica i estudi de la summa de col.lacions de j. de gal.les."},"content":{"rendered":"<h2>Tesis doctoral de <strong> LLuis Ramon Ferrer <\/strong><\/h2>\n<p>Edici\u00f3 cr\u00edtica i estudi de la summa de col. Lacions de j. De gal. Les. en primer lloc s`han localitzat els manuscrits, seguidament hem estudiat la composici\u00f3 f\u00edsica i fet una an\u00ed\u00a0lisi codicol\u00ed\u00b2gica que ens ha ajudat a la dataci\u00f3. Despr\u00e9s de la descripci\u00f3 f\u00edsica dels manuscrits s`han col. Lacionat entre ells  i les variants que han resultat d\u00c2\u00bfaquesta comparaci\u00f3 ens han servit per elaborar l\u00c2\u00bfstemma codicum  i per triar el manuscrit base de l\u00c2\u00bfedici\u00f3 critica. Sobre aquest manuscrit s\u00c2\u00bfhan posat totes les variants, be en nota final, be corregint el text segons millorar en la lectura o foren lli\u00ed\u00a7ons equipol lents. S\u00c2\u00bfhan cercat totes les fonts llatines i s\u00c2\u00bfha colocat a peu de pagina.  hem vist com fou la recepci\u00f3 de l\u00c2\u00bfobra a partir de repertoris medievals. Per probar la influencia del gal. Les a la corno d\u00c2\u00bfarag\u00f3 s\u00c2\u00bfhan fets alguns tasts en discursos politics, en l\u00c2\u00bfobra de f. Eiximenis i en la de fern\u00e1ndez de heredia. Tot a\u00ed\u00a7\u00ed\u00b2 precedit d\u00c2\u00bfun estudi ling\u00ed\u00bc\u00edstic i de la traducci\u00f3.<\/p>\n<p>&nbsp;<\/p>\n<h3>Datos acad\u00e9micos de la tesis doctoral \u00ab<strong>Edicio critica i estudi de la summa de col.lacions de j. de gal.les.<\/strong>\u00ab<\/h3>\n<ul>\n<li><strong>T\u00edtulo de la tesis:<\/strong>\u00a0 Edicio critica i estudi de la summa de col.lacions de j. de gal.les. <\/li>\n<li><strong>Autor:<\/strong>\u00a0 LLuis Ramon Ferrer <\/li>\n<li><strong>Universidad:<\/strong>\u00a0 Universitat de val\u00e9ncia (estudi general)<\/li>\n<li><strong>Fecha de lectura de la tesis:<\/strong>\u00a0 19\/07\/1997<\/li>\n<\/ul>\n<p>&nbsp;<\/p>\n<h3>Direcci\u00f3n y tribunal<\/h3>\n<ul>\n<li><strong>Director de la tesis<\/strong>\n<ul>\n<li>Albert Guillem Hauf Valls<\/li>\n<\/ul>\n<\/li>\n<li><strong>Tribunal<\/strong>\n<ul>\n<li>Presidente del tribunal: dolores Badia p?mies <\/li>\n<li>xavier Renedo puig (vocal)<\/li>\n<li>mateu Rodrigo lizondo (vocal)<\/li>\n<li>albert Blecua perdices (vocal)<\/li>\n<\/ul>\n<\/li>\n<\/ul>\n<p>&nbsp;<\/p>\n","protected":false},"excerpt":{"rendered":"<p>Tesis doctoral de LLuis Ramon Ferrer Edici\u00f3 cr\u00edtica i estudi de la summa de col. Lacions de j. De gal. [&hellip;]<\/p>\n","protected":false},"author":1,"featured_media":0,"comment_status":"open","ping_status":"open","sticky":false,"template":"","format":"standard","meta":{"site-sidebar-layout":"default","site-content-layout":"","ast-site-content-layout":"","site-content-style":"default","site-sidebar-style":"default","ast-global-header-display":"","ast-banner-title-visibility":"","ast-main-header-display":"","ast-hfb-above-header-display":"","ast-hfb-below-header-display":"","ast-hfb-mobile-header-display":"","site-post-title":"","ast-breadcrumbs-content":"","ast-featured-img":"","footer-sml-layout":"","theme-transparent-header-meta":"","adv-header-id-meta":"","stick-header-meta":"","header-above-stick-meta":"","header-main-stick-meta":"","header-below-stick-meta":"","astra-migrate-meta-layouts":"default","ast-page-background-enabled":"default","ast-page-background-meta":{"desktop":{"background-color":"var(--ast-global-color-4)","background-image":"","background-repeat":"repeat","background-position":"center center","background-size":"auto","background-attachment":"scroll","background-type":"","background-media":"","overlay-type":"","overlay-color":"","overlay-gradient":""},"tablet":{"background-color":"","background-image":"","background-repeat":"repeat","background-position":"center center","background-size":"auto","background-attachment":"scroll","background-type":"","background-media":"","overlay-type":"","overlay-color":"","overlay-gradient":""},"mobile":{"background-color":"","background-image":"","background-repeat":"repeat","background-position":"center center","background-size":"auto","background-attachment":"scroll","background-type":"","background-media":"","overlay-type":"","overlay-color":"","overlay-gradient":""}},"ast-content-background-meta":{"desktop":{"background-color":"var(--ast-global-color-5)","background-image":"","background-repeat":"repeat","background-position":"center center","background-size":"auto","background-attachment":"scroll","background-type":"","background-media":"","overlay-type":"","overlay-color":"","overlay-gradient":""},"tablet":{"background-color":"var(--ast-global-color-5)","background-image":"","background-repeat":"repeat","background-position":"center center","background-size":"auto","background-attachment":"scroll","background-type":"","background-media":"","overlay-type":"","overlay-color":"","overlay-gradient":""},"mobile":{"background-color":"var(--ast-global-color-5)","background-image":"","background-repeat":"repeat","background-position":"center center","background-size":"auto","background-attachment":"scroll","background-type":"","background-media":"","overlay-type":"","overlay-color":"","overlay-gradient":""}},"footnotes":""},"categories":[147,149,628],"tags":[1365,12293,32906,90447,59476,48242],"class_list":["post-33021","post","type-post","status-publish","format-standard","hentry","category-ciencias-de-las-artes-y-las-letras","category-critica-de-textos","category-teoria-analisis-y-critica-literarios","tag-albert-blecua-perdices","tag-albert-guillem-hauf-valls","tag-dolores-badia-pmies","tag-lluis-ramon-ferrer","tag-mateu-rodrigo-lizondo","tag-xavier-renedo-puig"],"_links":{"self":[{"href":"https:\/\/www.deberes.net\/tesis\/wp-json\/wp\/v2\/posts\/33021","targetHints":{"allow":["GET"]}}],"collection":[{"href":"https:\/\/www.deberes.net\/tesis\/wp-json\/wp\/v2\/posts"}],"about":[{"href":"https:\/\/www.deberes.net\/tesis\/wp-json\/wp\/v2\/types\/post"}],"author":[{"embeddable":true,"href":"https:\/\/www.deberes.net\/tesis\/wp-json\/wp\/v2\/users\/1"}],"replies":[{"embeddable":true,"href":"https:\/\/www.deberes.net\/tesis\/wp-json\/wp\/v2\/comments?post=33021"}],"version-history":[{"count":0,"href":"https:\/\/www.deberes.net\/tesis\/wp-json\/wp\/v2\/posts\/33021\/revisions"}],"wp:attachment":[{"href":"https:\/\/www.deberes.net\/tesis\/wp-json\/wp\/v2\/media?parent=33021"}],"wp:term":[{"taxonomy":"category","embeddable":true,"href":"https:\/\/www.deberes.net\/tesis\/wp-json\/wp\/v2\/categories?post=33021"},{"taxonomy":"post_tag","embeddable":true,"href":"https:\/\/www.deberes.net\/tesis\/wp-json\/wp\/v2\/tags?post=33021"}],"curies":[{"name":"wp","href":"https:\/\/api.w.org\/{rel}","templated":true}]}}