{"id":33055,"date":"1997-03-10T00:00:00","date_gmt":"1997-03-10T00:00:00","guid":{"rendered":"https:\/\/www.deberes.net\/tesis\/sin-categoria\/evolucion-dinamica-de-las-estructuras-de-las-explotaciones-agrarias-andaluzas-ante-la-reforma-de-la-pac-el-caso-del-olivar-y-los-cereales\/"},"modified":"1997-03-10T00:00:00","modified_gmt":"1997-03-10T00:00:00","slug":"evolucion-dinamica-de-las-estructuras-de-las-explotaciones-agrarias-andaluzas-ante-la-reforma-de-la-pac-el-caso-del-olivar-y-los-cereales","status":"publish","type":"post","link":"https:\/\/www.deberes.net\/tesis\/ciencias-economicas\/evolucion-dinamica-de-las-estructuras-de-las-explotaciones-agrarias-andaluzas-ante-la-reforma-de-la-pac-el-caso-del-olivar-y-los-cereales\/","title":{"rendered":"Evoluci\u00f3n din\u00e1mica de las estructuras de las explotaciones agrarias andaluzas ante la reforma de la pac: el caso del olivar y los cereales"},"content":{"rendered":"<h2>Tesis doctoral de <strong> Fernando Jose Fuentes Garcia <\/strong><\/h2>\n<p>Esta investigaci\u00f3n consiste en la evaluaci\u00f3n de una importante base de datos compuesta por informaci\u00f3n a nivel de finca de m\u00e1s de 1500 explotaciones andaluzas. En concreto, se centra en las explotaciones cerealistas y olivareras pretendiendo:  * conocer la situaci\u00f3n estructural de las explotaciones andaluzas.  * conocer las caracter\u00edsticas de los agricultores.  * explorar las debilidades, amenazas, fortalezas y oportunidades.  * evaluar el impacto de recientes acontecimientos y pol\u00edticas en estas explotaciones como son la \u00faltima reforma de la pac, los acuerdos del gatt, el resultado de la sequ\u00eda de los \u00faltimos a\u00f1os, la ley de modernizaci\u00f3n agraria y, en particular, de la propuesta de reforma de la ocm del aciete de oliva.<\/p>\n<p>&nbsp;<\/p>\n<h3>Datos acad\u00e9micos de la tesis doctoral \u00ab<strong>Evoluci\u00f3n din\u00e1mica de las estructuras de las explotaciones agrarias andaluzas ante la reforma de la pac: el caso del olivar y los cereales<\/strong>\u00ab<\/h3>\n<ul>\n<li><strong>T\u00edtulo de la tesis:<\/strong>\u00a0 Evoluci\u00f3n din\u00e1mica de las estructuras de las explotaciones agrarias andaluzas ante la reforma de la pac: el caso del olivar y los cereales <\/li>\n<li><strong>Autor:<\/strong>\u00a0 Fernando Jose Fuentes Garcia <\/li>\n<li><strong>Universidad:<\/strong>\u00a0 C\u00f3rdoba<\/li>\n<li><strong>Fecha de lectura de la tesis:<\/strong>\u00a0 03\/10\/1997<\/li>\n<\/ul>\n<p>&nbsp;<\/p>\n<h3>Direcci\u00f3n y tribunal<\/h3>\n<ul>\n<li><strong>Director de la tesis<\/strong>\n<ul>\n<li>Jos\u00e9 Juan Romero Rodriguez<\/li>\n<\/ul>\n<\/li>\n<li><strong>Tribunal<\/strong>\n<ul>\n<li>Presidente del tribunal: pedro Caldentey albert <\/li>\n<li>Juan  Francisco Ojeda rivera (vocal)<\/li>\n<li>pedro pablo P\u00e9rez  hern\u00e1ndez (vocal)<\/li>\n<li>Juan Hernandez armenteros (vocal)<\/li>\n<\/ul>\n<\/li>\n<\/ul>\n<p>&nbsp;<\/p>\n","protected":false},"excerpt":{"rendered":"<p>Tesis doctoral de Fernando Jose Fuentes Garcia Esta investigaci\u00f3n consiste en la evaluaci\u00f3n de una importante base de datos compuesta [&hellip;]<\/p>\n","protected":false},"author":1,"featured_media":0,"comment_status":"open","ping_status":"open","sticky":false,"template":"","format":"standard","meta":{"site-sidebar-layout":"default","site-content-layout":"","ast-site-content-layout":"","site-content-style":"default","site-sidebar-style":"default","ast-global-header-display":"","ast-banner-title-visibility":"","ast-main-header-display":"","ast-hfb-above-header-display":"","ast-hfb-below-header-display":"","ast-hfb-mobile-header-display":"","site-post-title":"","ast-breadcrumbs-content":"","ast-featured-img":"","footer-sml-layout":"","theme-transparent-header-meta":"","adv-header-id-meta":"","stick-header-meta":"","header-above-stick-meta":"","header-main-stick-meta":"","header-below-stick-meta":"","astra-migrate-meta-layouts":"default","ast-page-background-enabled":"default","ast-page-background-meta":{"desktop":{"background-color":"var(--ast-global-color-4)","background-image":"","background-repeat":"repeat","background-position":"center center","background-size":"auto","background-attachment":"scroll","background-type":"","background-media":"","overlay-type":"","overlay-color":"","overlay-gradient":""},"tablet":{"background-color":"","background-image":"","background-repeat":"repeat","background-position":"center center","background-size":"auto","background-attachment":"scroll","background-type":"","background-media":"","overlay-type":"","overlay-color":"","overlay-gradient":""},"mobile":{"background-color":"","background-image":"","background-repeat":"repeat","background-position":"center center","background-size":"auto","background-attachment":"scroll","background-type":"","background-media":"","overlay-type":"","overlay-color":"","overlay-gradient":""}},"ast-content-background-meta":{"desktop":{"background-color":"var(--ast-global-color-5)","background-image":"","background-repeat":"repeat","background-position":"center center","background-size":"auto","background-attachment":"scroll","background-type":"","background-media":"","overlay-type":"","overlay-color":"","overlay-gradient":""},"tablet":{"background-color":"var(--ast-global-color-5)","background-image":"","background-repeat":"repeat","background-position":"center center","background-size":"auto","background-attachment":"scroll","background-type":"","background-media":"","overlay-type":"","overlay-color":"","overlay-gradient":""},"mobile":{"background-color":"var(--ast-global-color-5)","background-image":"","background-repeat":"repeat","background-position":"center center","background-size":"auto","background-attachment":"scroll","background-type":"","background-media":"","overlay-type":"","overlay-color":"","overlay-gradient":""}},"footnotes":""},"categories":[82,973,963,2825,935],"tags":[90511,2316,11301,45644,16037,90512],"class_list":["post-33055","post","type-post","status-publish","format-standard","hentry","category-ciencias-economicas","category-cordoba","category-economia-sectorial","category-organizacion-industrial-y-sector-publico","category-sector-de-agricultura-silvicultura-ganaderia-y-pesca","tag-fernando-jose-fuentes-garcia","tag-jose-juan-romero-rodriguez","tag-juan-francisco-ojeda-rivera","tag-juan-hernandez-armenteros","tag-pedro-caldentey-albert","tag-pedro-pablo-perez-hernandez"],"_links":{"self":[{"href":"https:\/\/www.deberes.net\/tesis\/wp-json\/wp\/v2\/posts\/33055","targetHints":{"allow":["GET"]}}],"collection":[{"href":"https:\/\/www.deberes.net\/tesis\/wp-json\/wp\/v2\/posts"}],"about":[{"href":"https:\/\/www.deberes.net\/tesis\/wp-json\/wp\/v2\/types\/post"}],"author":[{"embeddable":true,"href":"https:\/\/www.deberes.net\/tesis\/wp-json\/wp\/v2\/users\/1"}],"replies":[{"embeddable":true,"href":"https:\/\/www.deberes.net\/tesis\/wp-json\/wp\/v2\/comments?post=33055"}],"version-history":[{"count":0,"href":"https:\/\/www.deberes.net\/tesis\/wp-json\/wp\/v2\/posts\/33055\/revisions"}],"wp:attachment":[{"href":"https:\/\/www.deberes.net\/tesis\/wp-json\/wp\/v2\/media?parent=33055"}],"wp:term":[{"taxonomy":"category","embeddable":true,"href":"https:\/\/www.deberes.net\/tesis\/wp-json\/wp\/v2\/categories?post=33055"},{"taxonomy":"post_tag","embeddable":true,"href":"https:\/\/www.deberes.net\/tesis\/wp-json\/wp\/v2\/tags?post=33055"}],"curies":[{"name":"wp","href":"https:\/\/api.w.org\/{rel}","templated":true}]}}