{"id":33063,"date":"1997-04-10T00:00:00","date_gmt":"1997-04-10T00:00:00","guid":{"rendered":"https:\/\/www.deberes.net\/tesis\/sin-categoria\/la-diocesis-de-orihuela-alicante-en-el-franquismo-1939-1975\/"},"modified":"1997-04-10T00:00:00","modified_gmt":"1997-04-10T00:00:00","slug":"la-diocesis-de-orihuela-alicante-en-el-franquismo-1939-1975","status":"publish","type":"post","link":"https:\/\/www.deberes.net\/tesis\/historia\/la-diocesis-de-orihuela-alicante-en-el-franquismo-1939-1975\/","title":{"rendered":"La diocesis de orihuela-alicante en el franquismo, 1939-1975."},"content":{"rendered":"<h2>Tesis doctoral de <strong> M\u00f3nica Moreno Seco <\/strong><\/h2>\n<p>En este trabajo de investigaci\u00f3n se analizan las relaciones entre la iglesia y la sociedad en un \u00e1mbito local y en una \u00e9poca con caracter\u00edsticas propias como es el franquismo. Se intenta resaltar cu\u00e1les fueron los mecanismos de intervenci\u00f3n social de la instituci\u00f3n eclesi\u00e1stica y c\u00f3mo los cambios en la sociedad espa\u00f1ola influyeron de manera decisiva en la iglesia a lo largo de este dilatado periodo hist\u00f3rico. Esta tesis doctoral insiste en el papel jugado el laico en la vida de la iglesia, a trav\u00e9s de las asociaciones de apostolado seglar, sin limitarse a estudiar al clero y la jerarqu\u00eda diocesana. Otro aspecto destacado es la gran conflictividad que se desarroll\u00f3 en la di\u00f3cesis de orihuela-alicante, en los a\u00f1os sesenta &#8211; setenta, con importantes enfrentamientos en el seno del clero y entre los sectores m\u00e1s cr\u00edticos &#8211; sacerdotes y seglares &#8211; y la curia diocesana.<\/p>\n<p>&nbsp;<\/p>\n<h3>Datos acad\u00e9micos de la tesis doctoral \u00ab<strong>La diocesis de orihuela-alicante en el franquismo, 1939-1975.<\/strong>\u00ab<\/h3>\n<ul>\n<li><strong>T\u00edtulo de la tesis:<\/strong>\u00a0 La diocesis de orihuela-alicante en el franquismo, 1939-1975. <\/li>\n<li><strong>Autor:<\/strong>\u00a0 M\u00f3nica Moreno Seco <\/li>\n<li><strong>Universidad:<\/strong>\u00a0 Alicante<\/li>\n<li><strong>Fecha de lectura de la tesis:<\/strong>\u00a0 04\/10\/1997<\/li>\n<\/ul>\n<p>&nbsp;<\/p>\n<h3>Direcci\u00f3n y tribunal<\/h3>\n<ul>\n<li><strong>Director de la tesis<\/strong>\n<ul>\n<li>Emilio La Parra L\u00f3pez<\/li>\n<\/ul>\n<\/li>\n<li><strong>Tribunal<\/strong>\n<ul>\n<li>Presidente del tribunal: gerardo Dufour <\/li>\n<li>Mar\u00eda no Esteban de vega (vocal)<\/li>\n<li>Ana Yetano laguna (vocal)<\/li>\n<li>Manuel Redero san roman (vocal)<\/li>\n<\/ul>\n<\/li>\n<\/ul>\n<p>&nbsp;<\/p>\n","protected":false},"excerpt":{"rendered":"<p>Tesis doctoral de M\u00f3nica Moreno Seco En este trabajo de investigaci\u00f3n se analizan las relaciones entre la iglesia y la [&hellip;]<\/p>\n","protected":false},"author":1,"featured_media":0,"comment_status":"open","ping_status":"open","sticky":false,"template":"","format":"standard","meta":{"site-sidebar-layout":"default","site-content-layout":"","ast-site-content-layout":"","site-content-style":"default","site-sidebar-style":"default","ast-global-header-display":"","ast-banner-title-visibility":"","ast-main-header-display":"","ast-hfb-above-header-display":"","ast-hfb-below-header-display":"","ast-hfb-mobile-header-display":"","site-post-title":"","ast-breadcrumbs-content":"","ast-featured-img":"","footer-sml-layout":"","theme-transparent-header-meta":"","adv-header-id-meta":"","stick-header-meta":"","header-above-stick-meta":"","header-main-stick-meta":"","header-below-stick-meta":"","astra-migrate-meta-layouts":"default","ast-page-background-enabled":"default","ast-page-background-meta":{"desktop":{"background-color":"var(--ast-global-color-4)","background-image":"","background-repeat":"repeat","background-position":"center center","background-size":"auto","background-attachment":"scroll","background-type":"","background-media":"","overlay-type":"","overlay-color":"","overlay-gradient":""},"tablet":{"background-color":"","background-image":"","background-repeat":"repeat","background-position":"center center","background-size":"auto","background-attachment":"scroll","background-type":"","background-media":"","overlay-type":"","overlay-color":"","overlay-gradient":""},"mobile":{"background-color":"","background-image":"","background-repeat":"repeat","background-position":"center center","background-size":"auto","background-attachment":"scroll","background-type":"","background-media":"","overlay-type":"","overlay-color":"","overlay-gradient":""}},"ast-content-background-meta":{"desktop":{"background-color":"var(--ast-global-color-5)","background-image":"","background-repeat":"repeat","background-position":"center center","background-size":"auto","background-attachment":"scroll","background-type":"","background-media":"","overlay-type":"","overlay-color":"","overlay-gradient":""},"tablet":{"background-color":"var(--ast-global-color-5)","background-image":"","background-repeat":"repeat","background-position":"center center","background-size":"auto","background-attachment":"scroll","background-type":"","background-media":"","overlay-type":"","overlay-color":"","overlay-gradient":""},"mobile":{"background-color":"var(--ast-global-color-5)","background-image":"","background-repeat":"repeat","background-position":"center center","background-size":"auto","background-attachment":"scroll","background-type":"","background-media":"","overlay-type":"","overlay-color":"","overlay-gradient":""}},"footnotes":""},"categories":[19166,104,3967,220,222],"tags":[90530,33139,12806,25832,31546,90529],"class_list":["post-33063","post","type-post","status-publish","format-standard","hentry","category-alicante","category-historia","category-historia-de-la-iglesia","category-historia-por-epocas","category-historias-especializadas","tag-ana-yetano-laguna","tag-emilio-la-parra-lopez","tag-gerardo-dufour","tag-manuel-redero-san-roman","tag-maria-no-esteban-de-vega","tag-monica-moreno-seco"],"_links":{"self":[{"href":"https:\/\/www.deberes.net\/tesis\/wp-json\/wp\/v2\/posts\/33063","targetHints":{"allow":["GET"]}}],"collection":[{"href":"https:\/\/www.deberes.net\/tesis\/wp-json\/wp\/v2\/posts"}],"about":[{"href":"https:\/\/www.deberes.net\/tesis\/wp-json\/wp\/v2\/types\/post"}],"author":[{"embeddable":true,"href":"https:\/\/www.deberes.net\/tesis\/wp-json\/wp\/v2\/users\/1"}],"replies":[{"embeddable":true,"href":"https:\/\/www.deberes.net\/tesis\/wp-json\/wp\/v2\/comments?post=33063"}],"version-history":[{"count":0,"href":"https:\/\/www.deberes.net\/tesis\/wp-json\/wp\/v2\/posts\/33063\/revisions"}],"wp:attachment":[{"href":"https:\/\/www.deberes.net\/tesis\/wp-json\/wp\/v2\/media?parent=33063"}],"wp:term":[{"taxonomy":"category","embeddable":true,"href":"https:\/\/www.deberes.net\/tesis\/wp-json\/wp\/v2\/categories?post=33063"},{"taxonomy":"post_tag","embeddable":true,"href":"https:\/\/www.deberes.net\/tesis\/wp-json\/wp\/v2\/tags?post=33063"}],"curies":[{"name":"wp","href":"https:\/\/api.w.org\/{rel}","templated":true}]}}