{"id":33088,"date":"1997-10-10T00:00:00","date_gmt":"1997-10-10T00:00:00","guid":{"rendered":"https:\/\/www.deberes.net\/tesis\/sin-categoria\/la-semantica-verbal-del-catala-la-representacio-dels-esdeveniments\/"},"modified":"1997-10-10T00:00:00","modified_gmt":"1997-10-10T00:00:00","slug":"la-semantica-verbal-del-catala-la-representacio-dels-esdeveniments","status":"publish","type":"post","link":"https:\/\/www.deberes.net\/tesis\/linguistica\/la-semantica-verbal-del-catala-la-representacio-dels-esdeveniments\/","title":{"rendered":"La semantica verbal del catala: la representacio dels esdeveniments."},"content":{"rendered":"<h2>Tesis doctoral de <strong> N\u00faria Alturo Monn\u00e9 <\/strong><\/h2>\n<p>El objetivo de este estudio es presentar una teoria integradora de la eventualidad y de la forma en la que los eventos se representan en la lengua catalana. El trabajo combina la revisi\u00f3n de bibliografia procedente de la filosofia del lenguaje, de la sem\u00e1ntica, de la sintaxis y de la pragm\u00e1tica, con el an\u00e1lisis cualitativo de textos orales de lengua catalana. Los eventos se definen como formas de conceptualizaci\u00f3n de la experiencia en base a dos primitivos: la direccionalidad y la dimensionalidad, que incluyen la mayoria de las propiedades sem\u00e1nticas atribuidas generalmente a los distintos tipos de situaciones: la direccionalidad es descrita como la capacidad cognitiva de percibir el movimiento, y se la relaciona con las propiedades de dinamismo, o proceso en el tiempo, y de cambio de estado.  por otro lado, se presenta la dimensionalidad como la habilidad cognitiva de ver objetos, conceptos y situaciones como entidades simples, es decir, sin atender a su estructura interna, o como entidades complejas, compuestas de otros objetos, conceptos o situaciones. Las propiedades de perfectividad, telicidad, la idea de l\u00edmites y la cuantificaci\u00f3n se relacionan con este primitivo. La direccionalidad y la dimensionalidad con las que un hablante conceptualiza una situaci\u00f3n est\u00e1n representadas en distintos niveles del lenguaje: el morfol\u00f3gico, el l\u00e9xico, el oracional y el textual. La tesis dedica una atenci\u00f3n especial a la representaci\u00f3n oracional y a la textual, pero sin desatender la expresi\u00f3n morfol\u00f3gica y l\u00e9xica.<\/p>\n<p>&nbsp;<\/p>\n<h3>Datos acad\u00e9micos de la tesis doctoral \u00ab<strong>La semantica verbal del catala: la representacio dels esdeveniments.<\/strong>\u00ab<\/h3>\n<ul>\n<li><strong>T\u00edtulo de la tesis:<\/strong>\u00a0 La semantica verbal del catala: la representacio dels esdeveniments. <\/li>\n<li><strong>Autor:<\/strong>\u00a0 N\u00faria Alturo Monn\u00e9 <\/li>\n<li><strong>Universidad:<\/strong>\u00a0 Barcelona<\/li>\n<li><strong>Fecha de lectura de la tesis:<\/strong>\u00a0 10\/10\/1997<\/li>\n<\/ul>\n<p>&nbsp;<\/p>\n<h3>Direcci\u00f3n y tribunal<\/h3>\n<ul>\n<li><strong>Director de la tesis<\/strong>\n<ul>\n<li>Mar\u00eda  Teresa Cabre Castellvi<\/li>\n<\/ul>\n<\/li>\n<li><strong>Tribunal<\/strong>\n<ul>\n<li>Presidente del tribunal: L\u00eddia Pons Griera <\/li>\n<li>Mar\u00eda  Josep Cuenca Ordi\u00f1ana (vocal)<\/li>\n<li>Estrella Montolio Dur\u00e1n (vocal)<\/li>\n<li>Enric Vallduv\u00ed Botet (vocal)<\/li>\n<\/ul>\n<\/li>\n<\/ul>\n<p>&nbsp;<\/p>\n","protected":false},"excerpt":{"rendered":"<p>Tesis doctoral de N\u00faria Alturo Monn\u00e9 El objetivo de este estudio es presentar una teoria integradora de la eventualidad y [&hellip;]<\/p>\n","protected":false},"author":1,"featured_media":0,"comment_status":"open","ping_status":"open","sticky":false,"template":"","format":"standard","meta":{"site-sidebar-layout":"default","site-content-layout":"","ast-site-content-layout":"","site-content-style":"default","site-sidebar-style":"default","ast-global-header-display":"","ast-banner-title-visibility":"","ast-main-header-display":"","ast-hfb-above-header-display":"","ast-hfb-below-header-display":"","ast-hfb-mobile-header-display":"","site-post-title":"","ast-breadcrumbs-content":"","ast-featured-img":"","footer-sml-layout":"","theme-transparent-header-meta":"","adv-header-id-meta":"","stick-header-meta":"","header-above-stick-meta":"","header-main-stick-meta":"","header-below-stick-meta":"","astra-migrate-meta-layouts":"default","ast-page-background-enabled":"default","ast-page-background-meta":{"desktop":{"background-color":"var(--ast-global-color-4)","background-image":"","background-repeat":"repeat","background-position":"center center","background-size":"auto","background-attachment":"scroll","background-type":"","background-media":"","overlay-type":"","overlay-color":"","overlay-gradient":""},"tablet":{"background-color":"","background-image":"","background-repeat":"repeat","background-position":"center center","background-size":"auto","background-attachment":"scroll","background-type":"","background-media":"","overlay-type":"","overlay-color":"","overlay-gradient":""},"mobile":{"background-color":"","background-image":"","background-repeat":"repeat","background-position":"center center","background-size":"auto","background-attachment":"scroll","background-type":"","background-media":"","overlay-type":"","overlay-color":"","overlay-gradient":""}},"ast-content-background-meta":{"desktop":{"background-color":"var(--ast-global-color-5)","background-image":"","background-repeat":"repeat","background-position":"center center","background-size":"auto","background-attachment":"scroll","background-type":"","background-media":"","overlay-type":"","overlay-color":"","overlay-gradient":""},"tablet":{"background-color":"var(--ast-global-color-5)","background-image":"","background-repeat":"repeat","background-position":"center center","background-size":"auto","background-attachment":"scroll","background-type":"","background-media":"","overlay-type":"","overlay-color":"","overlay-gradient":""},"mobile":{"background-color":"var(--ast-global-color-5)","background-image":"","background-repeat":"repeat","background-position":"center center","background-size":"auto","background-attachment":"scroll","background-type":"","background-media":"","overlay-type":"","overlay-color":"","overlay-gradient":""}},"footnotes":""},"categories":[951,59,62,886],"tags":[46254,20372,33017,48715,64,90574],"class_list":["post-33088","post","type-post","status-publish","format-standard","hentry","category-barcelona","category-linguistica","category-linguistica-sincronica","category-semantica","tag-enric-vallduvi-botet","tag-estrella-montolio-duran","tag-lidia-pons-griera","tag-maria-josep-cuenca-ordinana","tag-maria-teresa-cabre-castellvi","tag-nuria-alturo-monne"],"_links":{"self":[{"href":"https:\/\/www.deberes.net\/tesis\/wp-json\/wp\/v2\/posts\/33088","targetHints":{"allow":["GET"]}}],"collection":[{"href":"https:\/\/www.deberes.net\/tesis\/wp-json\/wp\/v2\/posts"}],"about":[{"href":"https:\/\/www.deberes.net\/tesis\/wp-json\/wp\/v2\/types\/post"}],"author":[{"embeddable":true,"href":"https:\/\/www.deberes.net\/tesis\/wp-json\/wp\/v2\/users\/1"}],"replies":[{"embeddable":true,"href":"https:\/\/www.deberes.net\/tesis\/wp-json\/wp\/v2\/comments?post=33088"}],"version-history":[{"count":0,"href":"https:\/\/www.deberes.net\/tesis\/wp-json\/wp\/v2\/posts\/33088\/revisions"}],"wp:attachment":[{"href":"https:\/\/www.deberes.net\/tesis\/wp-json\/wp\/v2\/media?parent=33088"}],"wp:term":[{"taxonomy":"category","embeddable":true,"href":"https:\/\/www.deberes.net\/tesis\/wp-json\/wp\/v2\/categories?post=33088"},{"taxonomy":"post_tag","embeddable":true,"href":"https:\/\/www.deberes.net\/tesis\/wp-json\/wp\/v2\/tags?post=33088"}],"curies":[{"name":"wp","href":"https:\/\/api.w.org\/{rel}","templated":true}]}}