{"id":33138,"date":"2018-03-09T09:30:07","date_gmt":"2018-03-09T09:30:07","guid":{"rendered":"https:\/\/www.deberes.net\/tesis\/sin-categoria\/don-gaspar-de-quiroga-1512-1594-un-gran-patron-en-la-corte-de-felipe-ii\/"},"modified":"2018-03-09T09:30:07","modified_gmt":"2018-03-09T09:30:07","slug":"don-gaspar-de-quiroga-1512-1594-un-gran-patron-en-la-corte-de-felipe-ii","status":"publish","type":"post","link":"https:\/\/www.deberes.net\/tesis\/historia\/don-gaspar-de-quiroga-1512-1594-un-gran-patron-en-la-corte-de-felipe-ii\/","title":{"rendered":"Don gaspar de quiroga (1512-1594). un gran patron en la corte de felipe ii."},"content":{"rendered":"<h2>Tesis doctoral de <strong> Henar Pizarro Llorente <\/strong><\/h2>\n<p>Don gaspar de quiroga (1512-1594) fue uno de los personajes m\u00e1s relevantes en la corte de felipe ii.  tomando como hilo conductor su trayectoria vital, quiroga se convierte en el veh\u00edculo que nos permite adentrarnos en el devenir de las facciones cortesanas durante el reinado del rey prudente. Protegido por juan pardo de tavera en los inicios de su carrera, sufri\u00f3 la ofensiva desplegada por fernando de vald\u00e9s contra los apadrinados por el cardenal. Sus buenas relaciones con la compa\u00f1\u00eda de jes\u00fas le permitieron integrarse en el \u00abpartido ebolista\u00bb, pasando, posteriormente, a colaborar en el proceso de confesionalizaci\u00f3n de la monarqu\u00eda que, propugnado por el rey, llev\u00f3 a cabo diego de espinosa. Nombrado inquisidor general, arzobispo de toledo y cardenal de santa balbina, se convirti\u00f3 en un gran patr\u00f3n cortesano y miembro significado del \u00abpartido papista\u00bb. Su amistad con el secretario antonio p\u00e9rez y con la princesa de eboli conllev\u00f3 que quiroga se viese arrastrado por su ca\u00edda, por lo que fue relegado en su arzobispado, consiguiendo su rehabilitaci\u00f3n pol\u00edtica a trav\u00e9s de su vinculaci\u00f3n al conde de chinch\u00f3n.<\/p>\n<p>&nbsp;<\/p>\n<h3>Datos acad\u00e9micos de la tesis doctoral \u00ab<strong>Don gaspar de quiroga (1512-1594). un gran patron en la corte de felipe ii.<\/strong>\u00ab<\/h3>\n<ul>\n<li><strong>T\u00edtulo de la tesis:<\/strong>\u00a0 Don gaspar de quiroga (1512-1594). un gran patron en la corte de felipe ii. <\/li>\n<li><strong>Autor:<\/strong>\u00a0 Henar Pizarro Llorente <\/li>\n<li><strong>Universidad:<\/strong>\u00a0 Aut\u00f3noma de Madrid<\/li>\n<li><strong>Fecha de lectura de la tesis:<\/strong>\u00a0 20\/10\/1997<\/li>\n<\/ul>\n<p>&nbsp;<\/p>\n<h3>Direcci\u00f3n y tribunal<\/h3>\n<ul>\n<li><strong>Director de la tesis<\/strong>\n<ul>\n<li>Jos\u00e9 Mart\u00ednez Mill\u00e1n<\/li>\n<\/ul>\n<\/li>\n<li><strong>Tribunal<\/strong>\n<ul>\n<li>Presidente del tribunal: Mar\u00eda  victoria Lopez-cordon cortezo <\/li>\n<li>Rafael Benitez sanchez blanco (vocal)<\/li>\n<li>roberto Lopez vela (vocal)<\/li>\n<li>Jes\u00fas ignacio Reguera acedo (vocal)<\/li>\n<\/ul>\n<\/li>\n<\/ul>\n<p>&nbsp;<\/p>\n","protected":false},"excerpt":{"rendered":"<p>Tesis doctoral de Henar Pizarro Llorente Don gaspar de quiroga (1512-1594) fue uno de los personajes m\u00e1s relevantes en la [&hellip;]<\/p>\n","protected":false},"author":1,"featured_media":0,"comment_status":"open","ping_status":"open","sticky":false,"template":"","format":"standard","meta":{"site-sidebar-layout":"default","site-content-layout":"","ast-site-content-layout":"","site-content-style":"default","site-sidebar-style":"default","ast-global-header-display":"","ast-banner-title-visibility":"","ast-main-header-display":"","ast-hfb-above-header-display":"","ast-hfb-below-header-display":"","ast-hfb-mobile-header-display":"","site-post-title":"","ast-breadcrumbs-content":"","ast-featured-img":"","footer-sml-layout":"","theme-transparent-header-meta":"","adv-header-id-meta":"","stick-header-meta":"","header-above-stick-meta":"","header-main-stick-meta":"","header-below-stick-meta":"","astra-migrate-meta-layouts":"default","ast-page-background-enabled":"default","ast-page-background-meta":{"desktop":{"background-color":"var(--ast-global-color-4)","background-image":"","background-repeat":"repeat","background-position":"center center","background-size":"auto","background-attachment":"scroll","background-type":"","background-media":"","overlay-type":"","overlay-color":"","overlay-gradient":""},"tablet":{"background-color":"","background-image":"","background-repeat":"repeat","background-position":"center center","background-size":"auto","background-attachment":"scroll","background-type":"","background-media":"","overlay-type":"","overlay-color":"","overlay-gradient":""},"mobile":{"background-color":"","background-image":"","background-repeat":"repeat","background-position":"center center","background-size":"auto","background-attachment":"scroll","background-type":"","background-media":"","overlay-type":"","overlay-color":"","overlay-gradient":""}},"ast-content-background-meta":{"desktop":{"background-color":"var(--ast-global-color-5)","background-image":"","background-repeat":"repeat","background-position":"center center","background-size":"auto","background-attachment":"scroll","background-type":"","background-media":"","overlay-type":"","overlay-color":"","overlay-gradient":""},"tablet":{"background-color":"var(--ast-global-color-5)","background-image":"","background-repeat":"repeat","background-position":"center center","background-size":"auto","background-attachment":"scroll","background-type":"","background-media":"","overlay-type":"","overlay-color":"","overlay-gradient":""},"mobile":{"background-color":"var(--ast-global-color-5)","background-image":"","background-repeat":"repeat","background-position":"center center","background-size":"auto","background-attachment":"scroll","background-type":"","background-media":"","overlay-type":"","overlay-color":"","overlay-gradient":""}},"footnotes":""},"categories":[954,104,1015,220],"tags":[90668,90669,14896,5360,9208,14898],"class_list":["post-33138","post","type-post","status-publish","format-standard","hentry","category-biografias","category-historia","category-historia-moderna-del-area-europea","category-historia-por-epocas","tag-henar-pizarro-llorente","tag-jesus-ignacio-reguera-acedo","tag-jose-Martinez-millan","tag-maria-victoria-lopez-cordon-cortezo","tag-rafael-benitez-sanchez-blanco","tag-roberto-lopez-vela"],"_links":{"self":[{"href":"https:\/\/www.deberes.net\/tesis\/wp-json\/wp\/v2\/posts\/33138","targetHints":{"allow":["GET"]}}],"collection":[{"href":"https:\/\/www.deberes.net\/tesis\/wp-json\/wp\/v2\/posts"}],"about":[{"href":"https:\/\/www.deberes.net\/tesis\/wp-json\/wp\/v2\/types\/post"}],"author":[{"embeddable":true,"href":"https:\/\/www.deberes.net\/tesis\/wp-json\/wp\/v2\/users\/1"}],"replies":[{"embeddable":true,"href":"https:\/\/www.deberes.net\/tesis\/wp-json\/wp\/v2\/comments?post=33138"}],"version-history":[{"count":0,"href":"https:\/\/www.deberes.net\/tesis\/wp-json\/wp\/v2\/posts\/33138\/revisions"}],"wp:attachment":[{"href":"https:\/\/www.deberes.net\/tesis\/wp-json\/wp\/v2\/media?parent=33138"}],"wp:term":[{"taxonomy":"category","embeddable":true,"href":"https:\/\/www.deberes.net\/tesis\/wp-json\/wp\/v2\/categories?post=33138"},{"taxonomy":"post_tag","embeddable":true,"href":"https:\/\/www.deberes.net\/tesis\/wp-json\/wp\/v2\/tags?post=33138"}],"curies":[{"name":"wp","href":"https:\/\/api.w.org\/{rel}","templated":true}]}}