{"id":33172,"date":"2018-03-09T09:30:10","date_gmt":"2018-03-09T09:30:10","guid":{"rendered":"https:\/\/www.deberes.net\/tesis\/sin-categoria\/mujeres-inmigrantes-marroquies-en-la-comunidad-de-madrid-caracteristicas-y-problematica-de-integracion-socioeducativa\/"},"modified":"2018-03-09T09:30:10","modified_gmt":"2018-03-09T09:30:10","slug":"mujeres-inmigrantes-marroquies-en-la-comunidad-de-madrid-caracteristicas-y-problematica-de-integracion-socioeducativa","status":"publish","type":"post","link":"https:\/\/www.deberes.net\/tesis\/sociologia\/mujeres-inmigrantes-marroquies-en-la-comunidad-de-madrid-caracteristicas-y-problematica-de-integracion-socioeducativa\/","title":{"rendered":"Mujeres inmigrantes marroquies en la comunidad de Madrid. caracteristicas y problematica de integracion socioeducativa."},"content":{"rendered":"<h2>Tesis doctoral de <strong> M. Pilar Ari\u00f1o Gimenez <\/strong><\/h2>\n<p>Europa ha declarado 1997 a\u00f1o contra el racismo y la xenofobia. Feliz circunstancia de la que se congratula la autora de esta tesis, porque el hilo conductor de la misma est\u00e1 en sinton\u00eda con el pensamiento que subyace en la declaraci\u00f3n.  al extenso y complejo fen\u00f3meno de la inmigraci\u00f3n se le ha enfocado aqu\u00ed con una perspectiva de g\u00e9nero y una concreci\u00f3n de espacio y, desde estos referentes, se profundiza en factores determinantes de la identidad colectiva: tierra, historia, cultura y sociedad, claves para comprender la instalaci\u00f3n y comportamiento de las inmigrantes en la comunidad de Madrid. Se contin\u00faa con la b\u00fasqueda de informaci\u00f3n mediante una encuesta, cuidadosamente concebida y aplicada a 156 mujeres. Los datos se analizan y elaboran para la obtenci\u00f3n de conclusiones precisas.  la deseable integraci\u00f3n, que tiene en el texto una reflexi\u00f3n abierta, se orienta en el sentido de posibilitar la vida personal de las inmigrantes, ampliando su marco de libertad, siempre desde la particular visi\u00f3n educativa.<\/p>\n<p>&nbsp;<\/p>\n<h3>Datos acad\u00e9micos de la tesis doctoral \u00ab<strong>Mujeres inmigrantes marroquies en la comunidad de Madrid. caracteristicas y problematica de integracion socioeducativa.<\/strong>\u00ab<\/h3>\n<ul>\n<li><strong>T\u00edtulo de la tesis:<\/strong>\u00a0 Mujeres inmigrantes marroquies en la comunidad de Madrid. caracteristicas y problematica de integracion socioeducativa. <\/li>\n<li><strong>Autor:<\/strong>\u00a0 M. Pilar Ari\u00f1o Gimenez <\/li>\n<li><strong>Universidad:<\/strong>\u00a0 Pontificia comillas<\/li>\n<li><strong>Fecha de lectura de la tesis:<\/strong>\u00a0 27\/10\/1997<\/li>\n<\/ul>\n<p>&nbsp;<\/p>\n<h3>Direcci\u00f3n y tribunal<\/h3>\n<ul>\n<li><strong>Director de la tesis<\/strong>\n<ul>\n<li>M. Paz Perez Campanero Atanasio<\/li>\n<\/ul>\n<\/li>\n<li><strong>Tribunal<\/strong>\n<ul>\n<li>Presidente del tribunal: gloria Perez serrano <\/li>\n<li>florentino Sanz fernandez (vocal)<\/li>\n<li>Juan  Manuel Cobo suero (vocal)<\/li>\n<li>Mar\u00eda  rosario Lim\u00f3n mendiz\u00e1bal (vocal)<\/li>\n<\/ul>\n<\/li>\n<\/ul>\n<p>&nbsp;<\/p>\n","protected":false},"excerpt":{"rendered":"<p>Tesis doctoral de M. Pilar Ari\u00f1o Gimenez Europa ha declarado 1997 a\u00f1o contra el racismo y la xenofobia. Feliz circunstancia [&hellip;]<\/p>\n","protected":false},"author":1,"featured_media":0,"comment_status":"open","ping_status":"open","sticky":false,"template":"","format":"standard","meta":{"site-sidebar-layout":"default","site-content-layout":"","ast-site-content-layout":"","site-content-style":"default","site-sidebar-style":"default","ast-global-header-display":"","ast-banner-title-visibility":"","ast-main-header-display":"","ast-hfb-above-header-display":"","ast-hfb-below-header-display":"","ast-hfb-mobile-header-display":"","site-post-title":"","ast-breadcrumbs-content":"","ast-featured-img":"","footer-sml-layout":"","theme-transparent-header-meta":"","adv-header-id-meta":"","stick-header-meta":"","header-above-stick-meta":"","header-main-stick-meta":"","header-below-stick-meta":"","astra-migrate-meta-layouts":"default","ast-page-background-enabled":"default","ast-page-background-meta":{"desktop":{"background-color":"var(--ast-global-color-4)","background-image":"","background-repeat":"repeat","background-position":"center center","background-size":"auto","background-attachment":"scroll","background-type":"","background-media":"","overlay-type":"","overlay-color":"","overlay-gradient":""},"tablet":{"background-color":"","background-image":"","background-repeat":"repeat","background-position":"center center","background-size":"auto","background-attachment":"scroll","background-type":"","background-media":"","overlay-type":"","overlay-color":"","overlay-gradient":""},"mobile":{"background-color":"","background-image":"","background-repeat":"repeat","background-position":"center center","background-size":"auto","background-attachment":"scroll","background-type":"","background-media":"","overlay-type":"","overlay-color":"","overlay-gradient":""}},"ast-content-background-meta":{"desktop":{"background-color":"var(--ast-global-color-5)","background-image":"","background-repeat":"repeat","background-position":"center center","background-size":"auto","background-attachment":"scroll","background-type":"","background-media":"","overlay-type":"","overlay-color":"","overlay-gradient":""},"tablet":{"background-color":"var(--ast-global-color-5)","background-image":"","background-repeat":"repeat","background-position":"center center","background-size":"auto","background-attachment":"scroll","background-type":"","background-media":"","overlay-type":"","overlay-color":"","overlay-gradient":""},"mobile":{"background-color":"var(--ast-global-color-5)","background-image":"","background-repeat":"repeat","background-position":"center center","background-size":"auto","background-attachment":"scroll","background-type":"","background-media":"","overlay-type":"","overlay-color":"","overlay-gradient":""}},"footnotes":""},"categories":[1066,1353,18397,23449,269],"tags":[7698,2628,7696,90728,90727,18400],"class_list":["post-33172","post","type-post","status-publish","format-standard","hentry","category-demografia","category-demografia-geografica","category-pontificia-comillas","category-relaciones-interetnicas","category-sociologia","tag-florentino-sanz-fernandez","tag-gloria-perez-serrano","tag-juan-manuel-cobo-suero","tag-m-paz-perez-campanero-atanasio","tag-m-pilar-arino-gimenez","tag-maria-rosario-limon-mendizabal"],"_links":{"self":[{"href":"https:\/\/www.deberes.net\/tesis\/wp-json\/wp\/v2\/posts\/33172","targetHints":{"allow":["GET"]}}],"collection":[{"href":"https:\/\/www.deberes.net\/tesis\/wp-json\/wp\/v2\/posts"}],"about":[{"href":"https:\/\/www.deberes.net\/tesis\/wp-json\/wp\/v2\/types\/post"}],"author":[{"embeddable":true,"href":"https:\/\/www.deberes.net\/tesis\/wp-json\/wp\/v2\/users\/1"}],"replies":[{"embeddable":true,"href":"https:\/\/www.deberes.net\/tesis\/wp-json\/wp\/v2\/comments?post=33172"}],"version-history":[{"count":0,"href":"https:\/\/www.deberes.net\/tesis\/wp-json\/wp\/v2\/posts\/33172\/revisions"}],"wp:attachment":[{"href":"https:\/\/www.deberes.net\/tesis\/wp-json\/wp\/v2\/media?parent=33172"}],"wp:term":[{"taxonomy":"category","embeddable":true,"href":"https:\/\/www.deberes.net\/tesis\/wp-json\/wp\/v2\/categories?post=33172"},{"taxonomy":"post_tag","embeddable":true,"href":"https:\/\/www.deberes.net\/tesis\/wp-json\/wp\/v2\/tags?post=33172"}],"curies":[{"name":"wp","href":"https:\/\/api.w.org\/{rel}","templated":true}]}}