{"id":33175,"date":"2018-03-09T09:30:11","date_gmt":"2018-03-09T09:30:11","guid":{"rendered":"https:\/\/www.deberes.net\/tesis\/sin-categoria\/estudio-epidemiologico-de-los-parasuicidios-en-la-isla-de-tenerife-1992-1996\/"},"modified":"2018-03-09T09:30:11","modified_gmt":"2018-03-09T09:30:11","slug":"estudio-epidemiologico-de-los-parasuicidios-en-la-isla-de-tenerife-1992-1996","status":"publish","type":"post","link":"https:\/\/www.deberes.net\/tesis\/ciencias-medicas\/estudio-epidemiologico-de-los-parasuicidios-en-la-isla-de-tenerife-1992-1996\/","title":{"rendered":"Estudio epidemiologico de los parasuicidios en la isla de tenerife (1992-1996)."},"content":{"rendered":"<h2>Tesis doctoral de <strong> Francisco Gonzalez De Chavez Gonzalez <\/strong><\/h2>\n<p>Se trata de un estudio epidemiol\u00f3gico descriptivo de car\u00e1cter retrospectivo en la isla de tenerife durante el per\u00edodo 1992 a 1996. Se utiliz\u00f3 como fuente de informaci\u00f3n las historias cl\u00ednicas de las unidades de salud mental y los informes de urgencias del hospital de referencia de todos los parasuicidios llevados a cabo en el per\u00edodo de estudio. La tasa de parasuicidios registrada en el estudio sit\u00faa a la isla de tenerife en los lugares inferiores en comparaci\u00f3n con otras 16 regiones europeas. los autores descubren el perfil de riesgo de los parasuicidas de primera vez y los repetidores.<\/p>\n<p>&nbsp;<\/p>\n<h3>Datos acad\u00e9micos de la tesis doctoral \u00ab<strong>Estudio epidemiologico de los parasuicidios en la isla de tenerife (1992-1996).<\/strong>\u00ab<\/h3>\n<ul>\n<li><strong>T\u00edtulo de la tesis:<\/strong>\u00a0 Estudio epidemiologico de los parasuicidios en la isla de tenerife (1992-1996). <\/li>\n<li><strong>Autor:<\/strong>\u00a0 Francisco Gonzalez De Chavez Gonzalez <\/li>\n<li><strong>Universidad:<\/strong>\u00a0 La laguna<\/li>\n<li><strong>Fecha de lectura de la tesis:<\/strong>\u00a0 28\/10\/1997<\/li>\n<\/ul>\n<p>&nbsp;<\/p>\n<h3>Direcci\u00f3n y tribunal<\/h3>\n<ul>\n<li><strong>Director de la tesis<\/strong>\n<ul>\n<li>Francisco Rodr\u00edguez Pulido<\/li>\n<\/ul>\n<\/li>\n<li><strong>Tribunal<\/strong>\n<ul>\n<li>Presidente del tribunal: Antonio Sierra l\u00f3pez <\/li>\n<li>Francisco Mico catalan (vocal)<\/li>\n<li>Luis Serra majen (vocal)<\/li>\n<li>Jes\u00fas Sangil martin (vocal)<\/li>\n<\/ul>\n<\/li>\n<\/ul>\n<p>&nbsp;<\/p>\n","protected":false},"excerpt":{"rendered":"<p>Tesis doctoral de Francisco Gonzalez De Chavez Gonzalez Se trata de un estudio epidemiol\u00f3gico descriptivo de car\u00e1cter retrospectivo en la [&hellip;]<\/p>\n","protected":false},"author":1,"featured_media":0,"comment_status":"open","ping_status":"open","sticky":false,"template":"","format":"standard","meta":{"site-sidebar-layout":"default","site-content-layout":"","ast-site-content-layout":"","site-content-style":"default","site-sidebar-style":"default","ast-global-header-display":"","ast-banner-title-visibility":"","ast-main-header-display":"","ast-hfb-above-header-display":"","ast-hfb-below-header-display":"","ast-hfb-mobile-header-display":"","site-post-title":"","ast-breadcrumbs-content":"","ast-featured-img":"","footer-sml-layout":"","theme-transparent-header-meta":"","adv-header-id-meta":"","stick-header-meta":"","header-above-stick-meta":"","header-main-stick-meta":"","header-below-stick-meta":"","astra-migrate-meta-layouts":"default","ast-page-background-enabled":"default","ast-page-background-meta":{"desktop":{"background-color":"var(--ast-global-color-4)","background-image":"","background-repeat":"repeat","background-position":"center center","background-size":"auto","background-attachment":"scroll","background-type":"","background-media":"","overlay-type":"","overlay-color":"","overlay-gradient":""},"tablet":{"background-color":"","background-image":"","background-repeat":"repeat","background-position":"center center","background-size":"auto","background-attachment":"scroll","background-type":"","background-media":"","overlay-type":"","overlay-color":"","overlay-gradient":""},"mobile":{"background-color":"","background-image":"","background-repeat":"repeat","background-position":"center center","background-size":"auto","background-attachment":"scroll","background-type":"","background-media":"","overlay-type":"","overlay-color":"","overlay-gradient":""}},"ast-content-background-meta":{"desktop":{"background-color":"var(--ast-global-color-5)","background-image":"","background-repeat":"repeat","background-position":"center center","background-size":"auto","background-attachment":"scroll","background-type":"","background-media":"","overlay-type":"","overlay-color":"","overlay-gradient":""},"tablet":{"background-color":"var(--ast-global-color-5)","background-image":"","background-repeat":"repeat","background-position":"center center","background-size":"auto","background-attachment":"scroll","background-type":"","background-media":"","overlay-type":"","overlay-color":"","overlay-gradient":""},"mobile":{"background-color":"var(--ast-global-color-5)","background-image":"","background-repeat":"repeat","background-position":"center center","background-size":"auto","background-attachment":"scroll","background-type":"","background-media":"","overlay-type":"","overlay-color":"","overlay-gradient":""}},"footnotes":""},"categories":[9,7071,9915,961,1408],"tags":[6588,90731,36516,10711,90732,66691],"class_list":["post-33175","post","type-post","status-publish","format-standard","hentry","category-ciencias-medicas","category-desordenes-del-comportamiento","category-la-laguna","category-psicologia-de-la-anormalidad","category-psiquiatria","tag-antonio-sierra-lopez","tag-francisco-gonzalez-de-chavez-gonzalez","tag-francisco-mico-catalan","tag-francisco-rodriguez-pulido","tag-jesus-sangil-martin","tag-luis-serra-majen"],"_links":{"self":[{"href":"https:\/\/www.deberes.net\/tesis\/wp-json\/wp\/v2\/posts\/33175","targetHints":{"allow":["GET"]}}],"collection":[{"href":"https:\/\/www.deberes.net\/tesis\/wp-json\/wp\/v2\/posts"}],"about":[{"href":"https:\/\/www.deberes.net\/tesis\/wp-json\/wp\/v2\/types\/post"}],"author":[{"embeddable":true,"href":"https:\/\/www.deberes.net\/tesis\/wp-json\/wp\/v2\/users\/1"}],"replies":[{"embeddable":true,"href":"https:\/\/www.deberes.net\/tesis\/wp-json\/wp\/v2\/comments?post=33175"}],"version-history":[{"count":0,"href":"https:\/\/www.deberes.net\/tesis\/wp-json\/wp\/v2\/posts\/33175\/revisions"}],"wp:attachment":[{"href":"https:\/\/www.deberes.net\/tesis\/wp-json\/wp\/v2\/media?parent=33175"}],"wp:term":[{"taxonomy":"category","embeddable":true,"href":"https:\/\/www.deberes.net\/tesis\/wp-json\/wp\/v2\/categories?post=33175"},{"taxonomy":"post_tag","embeddable":true,"href":"https:\/\/www.deberes.net\/tesis\/wp-json\/wp\/v2\/tags?post=33175"}],"curies":[{"name":"wp","href":"https:\/\/api.w.org\/{rel}","templated":true}]}}