{"id":33215,"date":"1997-05-11T00:00:00","date_gmt":"1997-05-11T00:00:00","guid":{"rendered":"https:\/\/www.deberes.net\/tesis\/sin-categoria\/la-figura-de-la-concesion-en-las-televisiones-autonomicas\/"},"modified":"1997-05-11T00:00:00","modified_gmt":"1997-05-11T00:00:00","slug":"la-figura-de-la-concesion-en-las-televisiones-autonomicas","status":"publish","type":"post","link":"https:\/\/www.deberes.net\/tesis\/ciencias-juridicas-y-derecho\/la-figura-de-la-concesion-en-las-televisiones-autonomicas\/","title":{"rendered":"La figura de la concesion en las televisiones autonomicas."},"content":{"rendered":"<h2>Tesis doctoral de <strong> Arturo Maneiro Vila <\/strong><\/h2>\n<p>Este trabajo de investigaci\u00f3n tiene por finalidad analizar la situaci\u00f3n jur\u00eddica de las televisiones auton\u00f3micas en espa\u00f1a, en el aspecto concreto de su configuraci\u00f3n como concesiones del estado a las comunidades aut\u00f3nomas, por medio del estatuto de la radio y la televisi\u00f3n y por la ley reguladora del tercer canal de televisi\u00f3n.  la concesi\u00f3n es una figura jur\u00eddica por la cual una administraci\u00f3n p\u00fablica gestiona indirectamente un servicio p\u00fablico por medio de una persona natural o jur\u00eddica. Sin embargo, la ley del tercer canal convierte a un ente pol\u00edtico-administrativo como es una comunidad aut\u00f3noma, en concesionario de una televisi\u00f3n, rompiendo las caracter\u00edsticas propias del denominado r\u00e9gimen concesional. Legalmente es necesario forzar el sistema concesional para que una comunidad aut\u00f3noma encaje en la figura de concesionaria. En la pr\u00e1ctica real, una televisi\u00f3n aut\u00f3noma no funciona como una concesi\u00f3n del estado, sino como una televisi\u00f3n de titularidad de la comunidad aut\u00f3noma.<\/p>\n<p>&nbsp;<\/p>\n<h3>Datos acad\u00e9micos de la tesis doctoral \u00ab<strong>La figura de la concesion en las televisiones autonomicas.<\/strong>\u00ab<\/h3>\n<ul>\n<li><strong>T\u00edtulo de la tesis:<\/strong>\u00a0 La figura de la concesion en las televisiones autonomicas. <\/li>\n<li><strong>Autor:<\/strong>\u00a0 Arturo Maneiro Vila <\/li>\n<li><strong>Universidad:<\/strong>\u00a0 Navarra<\/li>\n<li><strong>Fecha de lectura de la tesis:<\/strong>\u00a0 05\/11\/1997<\/li>\n<\/ul>\n<p>&nbsp;<\/p>\n<h3>Direcci\u00f3n y tribunal<\/h3>\n<ul>\n<li><strong>Director de la tesis<\/strong>\n<ul>\n<li>Carlos Soria Saiz<\/li>\n<\/ul>\n<\/li>\n<li><strong>Tribunal<\/strong>\n<ul>\n<li>Presidente del tribunal: pedro Lozano bartolozzi <\/li>\n<li>Jos\u00e9 Francisco S\u00e1nchez s\u00e1nchez (vocal)<\/li>\n<li>Francisco Iglesias gonz\u00e1lez (vocal)<\/li>\n<li>Manuel v\u00edctor Mart\u00edn algarra (vocal)<\/li>\n<\/ul>\n<\/li>\n<\/ul>\n<p>&nbsp;<\/p>\n","protected":false},"excerpt":{"rendered":"<p>Tesis doctoral de Arturo Maneiro Vila Este trabajo de investigaci\u00f3n tiene por finalidad analizar la situaci\u00f3n jur\u00eddica de las televisiones [&hellip;]<\/p>\n","protected":false},"author":1,"featured_media":0,"comment_status":"open","ping_status":"open","sticky":false,"template":"","format":"standard","meta":{"site-sidebar-layout":"default","site-content-layout":"","ast-site-content-layout":"","site-content-style":"default","site-sidebar-style":"default","ast-global-header-display":"","ast-banner-title-visibility":"","ast-main-header-display":"","ast-hfb-above-header-display":"","ast-hfb-below-header-display":"","ast-hfb-mobile-header-display":"","site-post-title":"","ast-breadcrumbs-content":"","ast-featured-img":"","footer-sml-layout":"","theme-transparent-header-meta":"","adv-header-id-meta":"","stick-header-meta":"","header-above-stick-meta":"","header-main-stick-meta":"","header-below-stick-meta":"","astra-migrate-meta-layouts":"default","ast-page-background-enabled":"default","ast-page-background-meta":{"desktop":{"background-color":"var(--ast-global-color-4)","background-image":"","background-repeat":"repeat","background-position":"center center","background-size":"auto","background-attachment":"scroll","background-type":"","background-media":"","overlay-type":"","overlay-color":"","overlay-gradient":""},"tablet":{"background-color":"","background-image":"","background-repeat":"repeat","background-position":"center center","background-size":"auto","background-attachment":"scroll","background-type":"","background-media":"","overlay-type":"","overlay-color":"","overlay-gradient":""},"mobile":{"background-color":"","background-image":"","background-repeat":"repeat","background-position":"center center","background-size":"auto","background-attachment":"scroll","background-type":"","background-media":"","overlay-type":"","overlay-color":"","overlay-gradient":""}},"ast-content-background-meta":{"desktop":{"background-color":"var(--ast-global-color-5)","background-image":"","background-repeat":"repeat","background-position":"center center","background-size":"auto","background-attachment":"scroll","background-type":"","background-media":"","overlay-type":"","overlay-color":"","overlay-gradient":""},"tablet":{"background-color":"var(--ast-global-color-5)","background-image":"","background-repeat":"repeat","background-position":"center center","background-size":"auto","background-attachment":"scroll","background-type":"","background-media":"","overlay-type":"","overlay-color":"","overlay-gradient":""},"mobile":{"background-color":"var(--ast-global-color-5)","background-image":"","background-repeat":"repeat","background-position":"center center","background-size":"auto","background-attachment":"scroll","background-type":"","background-media":"","overlay-type":"","overlay-color":"","overlay-gradient":""}},"footnotes":""},"categories":[612,1442,979,17749],"tags":[90804,5654,22607,17900,58251,17926],"class_list":["post-33215","post","type-post","status-publish","format-standard","hentry","category-ciencias-juridicas-y-derecho","category-derecho-administrativo","category-derecho-y-legislacion-nacionales","category-navarra","tag-arturo-maneiro-vila","tag-carlos-soria-saiz","tag-francisco-iglesias-gonzalez","tag-jose-francisco-sanchez-sanchez","tag-manuel-victor-martin-algarra","tag-pedro-lozano-bartolozzi"],"_links":{"self":[{"href":"https:\/\/www.deberes.net\/tesis\/wp-json\/wp\/v2\/posts\/33215","targetHints":{"allow":["GET"]}}],"collection":[{"href":"https:\/\/www.deberes.net\/tesis\/wp-json\/wp\/v2\/posts"}],"about":[{"href":"https:\/\/www.deberes.net\/tesis\/wp-json\/wp\/v2\/types\/post"}],"author":[{"embeddable":true,"href":"https:\/\/www.deberes.net\/tesis\/wp-json\/wp\/v2\/users\/1"}],"replies":[{"embeddable":true,"href":"https:\/\/www.deberes.net\/tesis\/wp-json\/wp\/v2\/comments?post=33215"}],"version-history":[{"count":0,"href":"https:\/\/www.deberes.net\/tesis\/wp-json\/wp\/v2\/posts\/33215\/revisions"}],"wp:attachment":[{"href":"https:\/\/www.deberes.net\/tesis\/wp-json\/wp\/v2\/media?parent=33215"}],"wp:term":[{"taxonomy":"category","embeddable":true,"href":"https:\/\/www.deberes.net\/tesis\/wp-json\/wp\/v2\/categories?post=33215"},{"taxonomy":"post_tag","embeddable":true,"href":"https:\/\/www.deberes.net\/tesis\/wp-json\/wp\/v2\/tags?post=33215"}],"curies":[{"name":"wp","href":"https:\/\/api.w.org\/{rel}","templated":true}]}}