{"id":33224,"date":"1997-07-11T00:00:00","date_gmt":"1997-07-11T00:00:00","guid":{"rendered":"https:\/\/www.deberes.net\/tesis\/sin-categoria\/influencia-del-grupo-etnico-en-el-patron-lipoproteico-de-una-determinada-poblacion-pediatrica-de-ceuta\/"},"modified":"1997-07-11T00:00:00","modified_gmt":"1997-07-11T00:00:00","slug":"influencia-del-grupo-etnico-en-el-patron-lipoproteico-de-una-determinada-poblacion-pediatrica-de-ceuta","status":"publish","type":"post","link":"https:\/\/www.deberes.net\/tesis\/quimica\/influencia-del-grupo-etnico-en-el-patron-lipoproteico-de-una-determinada-poblacion-pediatrica-de-ceuta\/","title":{"rendered":"Influencia del grupo etnico en el patron lipoproteico de una determinada poblacion pediatrica de ceuta."},"content":{"rendered":"<h2>Tesis doctoral de <strong> Jacobo Diaz Portillo <\/strong><\/h2>\n<p>En nuestro estudio pretendemos: 1. Conocer el perfil lip\u00eddico de una poblaci\u00f3n infantil de ceuta de 0 a 12 a\u00f1os de edad; 2. Detectar diferencias en el patr\u00f3n lipoproteico de las dos etnias mayoritarias de la ciudad de ceuta. 3. Estudiar el comportamiento del reci\u00e9n nacido frente a los fen\u00f3menos de peroxidaci\u00f3n lip\u00eddica, y su relaci\u00f3n con diversos factores perinatales (edad gestacional, peso del neonato, tipo de parto, tabaquismo materno, y complicaciones del parto; sufrimiento fetal agudo, meconio, circular de cord\u00f3n y diabetes gestacional). Para ello, hemos determinado el perfil lipoproteico (colesterol total, triglic\u00e9ridos, colesterol-ldl, colesterol-hdl, vldl, apoprote\u00edna a1 y b), y grado de lipoperoxidaci\u00f3n (tbars) en una muestra representativa de la poblaci\u00f3n infantil de ceuta (compuesta por 1544 neonatos, 309 ni\u00f1os de 12 a 20 meses, y 449 ni\u00f1os de 2 a 12 a\u00f1os). Los resultados obtenidos indican que el perfil lipoproteico de los ni\u00f1os de origen hispano es distinto de sus hom\u00f3logos \u00e1rabes, con independencia de la edad y del sexo. Estas diferencias inter\u00e9tnicas aparecen en el nacimiento, son m\u00ednimas en el per\u00edodo de la lactancia y m\u00e1ximas en la infancia (2-12 a\u00f1os). En sangre de cord\u00f3n, el patr\u00f3n lipoproteico depende de la etnia, sexo, edad gestacional, peso neonatal, existencia de sufrimiento fetal agudo, y antecedentes de tabaquismo materno. El colesterol en sangre de cord\u00f3n no parece ser un buen predictor del colesterol durante el segundo a\u00f1o de vida, siendo la apoprote\u00edna b el par\u00e1metro lip\u00eddico que presenta una mejor relaci\u00f3n nacimiento-segundo a\u00f1o de vida. Los fen\u00f3menos de peroxidaci\u00f3n lip\u00eddica son m\u00e1ximos al nacimiento, y superiores en neonatos pret\u00e9rmino e hipos\u00f3micos. Los h\u00e1bitos diet\u00e9ticos adquiridos durante el per\u00edodo de la lactancia pueden modificar el perfil lip\u00eddico del ni\u00f1o. El patr\u00f3n lipoproteico es m\u00e1s aterog\u00e9nico y la preValencia de dislipemias infantil en ceuta e<\/p>\n<p>&nbsp;<\/p>\n<h3>Datos acad\u00e9micos de la tesis doctoral \u00ab<strong>Influencia del grupo etnico en el patron lipoproteico de una determinada poblacion pediatrica de ceuta.<\/strong>\u00ab<\/h3>\n<ul>\n<li><strong>T\u00edtulo de la tesis:<\/strong>\u00a0 Influencia del grupo etnico en el patron lipoproteico de una determinada poblacion pediatrica de ceuta. <\/li>\n<li><strong>Autor:<\/strong>\u00a0 Jacobo Diaz Portillo <\/li>\n<li><strong>Universidad:<\/strong>\u00a0 C\u00e1diz<\/li>\n<li><strong>Fecha de lectura de la tesis:<\/strong>\u00a0 07\/11\/1997<\/li>\n<\/ul>\n<p>&nbsp;<\/p>\n<h3>Direcci\u00f3n y tribunal<\/h3>\n<ul>\n<li><strong>Director de la tesis<\/strong>\n<ul>\n<li>Ana Mar\u00eda Navarro Arevalo<\/li>\n<\/ul>\n<\/li>\n<li><strong>Tribunal<\/strong>\n<ul>\n<li>Presidente del tribunal: jose Vilches troya <\/li>\n<li>m. josefa Olivan Martinez (vocal)<\/li>\n<li>federico Pallardo calatayud (vocal)<\/li>\n<li>manuela Ort\u00edz santesteban (vocal)<\/li>\n<\/ul>\n<\/li>\n<\/ul>\n<p>&nbsp;<\/p>\n","protected":false},"excerpt":{"rendered":"<p>Tesis doctoral de Jacobo Diaz Portillo En nuestro estudio pretendemos: 1. Conocer el perfil lip\u00eddico de una poblaci\u00f3n infantil de [&hellip;]<\/p>\n","protected":false},"author":1,"featured_media":0,"comment_status":"open","ping_status":"open","sticky":false,"template":"","format":"standard","meta":{"site-sidebar-layout":"default","site-content-layout":"","ast-site-content-layout":"","site-content-style":"default","site-sidebar-style":"default","ast-global-header-display":"","ast-banner-title-visibility":"","ast-main-header-display":"","ast-hfb-above-header-display":"","ast-hfb-below-header-display":"","ast-hfb-mobile-header-display":"","site-post-title":"","ast-breadcrumbs-content":"","ast-featured-img":"","footer-sml-layout":"","theme-transparent-header-meta":"","adv-header-id-meta":"","stick-header-meta":"","header-above-stick-meta":"","header-main-stick-meta":"","header-below-stick-meta":"","astra-migrate-meta-layouts":"default","ast-page-background-enabled":"default","ast-page-background-meta":{"desktop":{"background-color":"var(--ast-global-color-4)","background-image":"","background-repeat":"repeat","background-position":"center center","background-size":"auto","background-attachment":"scroll","background-type":"","background-media":"","overlay-type":"","overlay-color":"","overlay-gradient":""},"tablet":{"background-color":"","background-image":"","background-repeat":"repeat","background-position":"center center","background-size":"auto","background-attachment":"scroll","background-type":"","background-media":"","overlay-type":"","overlay-color":"","overlay-gradient":""},"mobile":{"background-color":"","background-image":"","background-repeat":"repeat","background-position":"center center","background-size":"auto","background-attachment":"scroll","background-type":"","background-media":"","overlay-type":"","overlay-color":"","overlay-gradient":""}},"ast-content-background-meta":{"desktop":{"background-color":"var(--ast-global-color-5)","background-image":"","background-repeat":"repeat","background-position":"center center","background-size":"auto","background-attachment":"scroll","background-type":"","background-media":"","overlay-type":"","overlay-color":"","overlay-gradient":""},"tablet":{"background-color":"var(--ast-global-color-5)","background-image":"","background-repeat":"repeat","background-position":"center center","background-size":"auto","background-attachment":"scroll","background-type":"","background-media":"","overlay-type":"","overlay-color":"","overlay-gradient":""},"mobile":{"background-color":"var(--ast-global-color-5)","background-image":"","background-repeat":"repeat","background-position":"center center","background-size":"auto","background-attachment":"scroll","background-type":"","background-media":"","overlay-type":"","overlay-color":"","overlay-gradient":""}},"footnotes":""},"categories":[90820,160,1506,35,17],"tags":[1744,11786,90821,1670,90822,32270],"class_list":["post-33224","post","type-post","status-publish","format-standard","hentry","category-biologia-racial","category-bioquimica","category-cadiz","category-ciencias-de-la-vida","category-quimica","tag-ana-maria-navarro-arevalo","tag-federico-pallardo-calatayud","tag-jacobo-diaz-portillo","tag-jose-vilches-troya","tag-m-josefa-olivan-Martinez","tag-manuela-ortiz-santesteban"],"_links":{"self":[{"href":"https:\/\/www.deberes.net\/tesis\/wp-json\/wp\/v2\/posts\/33224","targetHints":{"allow":["GET"]}}],"collection":[{"href":"https:\/\/www.deberes.net\/tesis\/wp-json\/wp\/v2\/posts"}],"about":[{"href":"https:\/\/www.deberes.net\/tesis\/wp-json\/wp\/v2\/types\/post"}],"author":[{"embeddable":true,"href":"https:\/\/www.deberes.net\/tesis\/wp-json\/wp\/v2\/users\/1"}],"replies":[{"embeddable":true,"href":"https:\/\/www.deberes.net\/tesis\/wp-json\/wp\/v2\/comments?post=33224"}],"version-history":[{"count":0,"href":"https:\/\/www.deberes.net\/tesis\/wp-json\/wp\/v2\/posts\/33224\/revisions"}],"wp:attachment":[{"href":"https:\/\/www.deberes.net\/tesis\/wp-json\/wp\/v2\/media?parent=33224"}],"wp:term":[{"taxonomy":"category","embeddable":true,"href":"https:\/\/www.deberes.net\/tesis\/wp-json\/wp\/v2\/categories?post=33224"},{"taxonomy":"post_tag","embeddable":true,"href":"https:\/\/www.deberes.net\/tesis\/wp-json\/wp\/v2\/tags?post=33224"}],"curies":[{"name":"wp","href":"https:\/\/api.w.org\/{rel}","templated":true}]}}