{"id":33255,"date":"1997-11-11T00:00:00","date_gmt":"1997-11-11T00:00:00","guid":{"rendered":"https:\/\/www.deberes.net\/tesis\/sin-categoria\/las-brigadas-internacionales-en-el-cine-documental\/"},"modified":"1997-11-11T00:00:00","modified_gmt":"1997-11-11T00:00:00","slug":"las-brigadas-internacionales-en-el-cine-documental","status":"publish","type":"post","link":"https:\/\/www.deberes.net\/tesis\/historia\/las-brigadas-internacionales-en-el-cine-documental\/","title":{"rendered":"Las brigadas internacionales en el cine documental."},"content":{"rendered":"<h2>Tesis doctoral de <strong> Magi Crusells Valeta <\/strong><\/h2>\n<p>El presente trabajo de investigaci\u00f3n trata sobre la participaci\u00f3n de las brigadas internacionales durante la guerra civil espa\u00f1ola (1936-1939) a trav\u00e9s de documentales cinematogr\u00e1ficos. Con el mismo se contribuye al conocimiento general de los brigadistas. La producci\u00f3n cinematogr\u00e1fica, tanto a favor de los republicanos como de los nacionales, se increment\u00f3 y tom\u00f3 un car\u00e1cter m\u00e1s social, pol\u00edtico e informativo, teniendo en cuenta los recursos propagand\u00edsticos y culturales que el cine ofrece. Mi trabajo consiste en un an\u00e1lisis detallado y comparado de las im\u00e1genes en las que aparecen los brigadistas, tanto en los documentales espa\u00f1oles como extranjeros rodados y producidos entre 1936 y 1996.  mi m\u00e9todo de investigaci\u00f3n est\u00e1 realizado a partir del estudio de tres diferentes aspectos por los que se establece: a) la autenticidad, analizando las posibles alteraciones, modificaciones y reconstituciones en una pel\u00edcula y que pueden ser detectados observando detenidamente el montaje del mismo; b) la identificaci\u00f3n centrada en la posibilidad de manipulaci\u00f3n tem\u00e1tica; y c) la intencionalidad pol\u00edtica de la pel\u00edcula.<\/p>\n<p>&nbsp;<\/p>\n<h3>Datos acad\u00e9micos de la tesis doctoral \u00ab<strong>Las brigadas internacionales en el cine documental.<\/strong>\u00ab<\/h3>\n<ul>\n<li><strong>T\u00edtulo de la tesis:<\/strong>\u00a0 Las brigadas internacionales en el cine documental. <\/li>\n<li><strong>Autor:<\/strong>\u00a0 Magi Crusells Valeta <\/li>\n<li><strong>Universidad:<\/strong>\u00a0 Barcelona<\/li>\n<li><strong>Fecha de lectura de la tesis:<\/strong>\u00a0 11\/11\/1997<\/li>\n<\/ul>\n<p>&nbsp;<\/p>\n<h3>Direcci\u00f3n y tribunal<\/h3>\n<ul>\n<li><strong>Director de la tesis<\/strong>\n<ul>\n<li>Jos\u00e9 Mar\u00eda Caparr\u00f3s Lera<\/li>\n<\/ul>\n<\/li>\n<li><strong>Tribunal<\/strong>\n<ul>\n<li>Presidente del tribunal: gabriel Jackson <\/li>\n<li>Santiago de Pablo contreras (vocal)<\/li>\n<li>gabriel Cardona escanero (vocal)<\/li>\n<li>angel Luis Hueso monton (vocal)<\/li>\n<\/ul>\n<\/li>\n<\/ul>\n<p>&nbsp;<\/p>\n","protected":false},"excerpt":{"rendered":"<p>Tesis doctoral de Magi Crusells Valeta El presente trabajo de investigaci\u00f3n trata sobre la participaci\u00f3n de las brigadas internacionales durante [&hellip;]<\/p>\n","protected":false},"author":1,"featured_media":0,"comment_status":"open","ping_status":"open","sticky":false,"template":"","format":"standard","meta":{"site-sidebar-layout":"default","site-content-layout":"","ast-site-content-layout":"","site-content-style":"default","site-sidebar-style":"default","ast-global-header-display":"","ast-banner-title-visibility":"","ast-main-header-display":"","ast-hfb-above-header-display":"","ast-hfb-below-header-display":"","ast-hfb-mobile-header-display":"","site-post-title":"","ast-breadcrumbs-content":"","ast-featured-img":"","footer-sml-layout":"","theme-transparent-header-meta":"","adv-header-id-meta":"","stick-header-meta":"","header-above-stick-meta":"","header-main-stick-meta":"","header-below-stick-meta":"","astra-migrate-meta-layouts":"default","ast-page-background-enabled":"default","ast-page-background-meta":{"desktop":{"background-color":"var(--ast-global-color-4)","background-image":"","background-repeat":"repeat","background-position":"center center","background-size":"auto","background-attachment":"scroll","background-type":"","background-media":"","overlay-type":"","overlay-color":"","overlay-gradient":""},"tablet":{"background-color":"","background-image":"","background-repeat":"repeat","background-position":"center center","background-size":"auto","background-attachment":"scroll","background-type":"","background-media":"","overlay-type":"","overlay-color":"","overlay-gradient":""},"mobile":{"background-color":"","background-image":"","background-repeat":"repeat","background-position":"center center","background-size":"auto","background-attachment":"scroll","background-type":"","background-media":"","overlay-type":"","overlay-color":"","overlay-gradient":""}},"ast-content-background-meta":{"desktop":{"background-color":"var(--ast-global-color-5)","background-image":"","background-repeat":"repeat","background-position":"center center","background-size":"auto","background-attachment":"scroll","background-type":"","background-media":"","overlay-type":"","overlay-color":"","overlay-gradient":""},"tablet":{"background-color":"var(--ast-global-color-5)","background-image":"","background-repeat":"repeat","background-position":"center center","background-size":"auto","background-attachment":"scroll","background-type":"","background-media":"","overlay-type":"","overlay-color":"","overlay-gradient":""},"mobile":{"background-color":"var(--ast-global-color-5)","background-image":"","background-repeat":"repeat","background-position":"center center","background-size":"auto","background-attachment":"scroll","background-type":"","background-media":"","overlay-type":"","overlay-color":"","overlay-gradient":""}},"footnotes":""},"categories":[951,104,413,220,222],"tags":[5804,1299,23530,7492,90874,23283],"class_list":["post-33255","post","type-post","status-publish","format-standard","hentry","category-barcelona","category-historia","category-historia-de-la-guerra","category-historia-por-epocas","category-historias-especializadas","tag-angel-luis-hueso-monton","tag-gabriel-cardona-escanero","tag-gabriel-jackson","tag-jose-maria-caparros-lera","tag-magi-crusells-valeta","tag-santiago-de-pablo-contreras"],"_links":{"self":[{"href":"https:\/\/www.deberes.net\/tesis\/wp-json\/wp\/v2\/posts\/33255","targetHints":{"allow":["GET"]}}],"collection":[{"href":"https:\/\/www.deberes.net\/tesis\/wp-json\/wp\/v2\/posts"}],"about":[{"href":"https:\/\/www.deberes.net\/tesis\/wp-json\/wp\/v2\/types\/post"}],"author":[{"embeddable":true,"href":"https:\/\/www.deberes.net\/tesis\/wp-json\/wp\/v2\/users\/1"}],"replies":[{"embeddable":true,"href":"https:\/\/www.deberes.net\/tesis\/wp-json\/wp\/v2\/comments?post=33255"}],"version-history":[{"count":0,"href":"https:\/\/www.deberes.net\/tesis\/wp-json\/wp\/v2\/posts\/33255\/revisions"}],"wp:attachment":[{"href":"https:\/\/www.deberes.net\/tesis\/wp-json\/wp\/v2\/media?parent=33255"}],"wp:term":[{"taxonomy":"category","embeddable":true,"href":"https:\/\/www.deberes.net\/tesis\/wp-json\/wp\/v2\/categories?post=33255"},{"taxonomy":"post_tag","embeddable":true,"href":"https:\/\/www.deberes.net\/tesis\/wp-json\/wp\/v2\/tags?post=33255"}],"curies":[{"name":"wp","href":"https:\/\/api.w.org\/{rel}","templated":true}]}}