{"id":33287,"date":"2018-03-09T09:30:20","date_gmt":"2018-03-09T09:30:20","guid":{"rendered":"https:\/\/www.deberes.net\/tesis\/sin-categoria\/los-davila-senores-de-villafranca-y-las-navas-en-la-baja-edad-media\/"},"modified":"2018-03-09T09:30:20","modified_gmt":"2018-03-09T09:30:20","slug":"los-davila-senores-de-villafranca-y-las-navas-en-la-baja-edad-media","status":"publish","type":"post","link":"https:\/\/www.deberes.net\/tesis\/historia\/los-davila-senores-de-villafranca-y-las-navas-en-la-baja-edad-media\/","title":{"rendered":"Los davila: se\u00f1ores de villafranca y las navas en la baja edad media."},"content":{"rendered":"<h2>Tesis doctoral de <strong> Jos\u00e9 Angel Marin Ramirez <\/strong><\/h2>\n<p>El estudio que ahora presentamos est\u00e1 articulado en tres partes fundamentales, a trav\u00e9s de las cuales se puede llegar a comprender la estructura de todo se\u00f1or\u00edo jurisdiccional en la baja edad media:  1. El desarrollo pol\u00edtico y biol\u00f3gico de los se\u00f1ores y, en general, de todo el linaje d\u00e1vila hasta mediados del s. Xvi.  2. La creaci\u00f3n del se\u00f1or\u00edo y la expansi\u00f3n del mismo a lo largo de tres siglos.  3. Y, finalmente, el estudio social y econ\u00f3mico de los habitantes del se\u00f1or\u00edo de villafranca y las navas.<\/p>\n<p>&nbsp;<\/p>\n<h3>Datos acad\u00e9micos de la tesis doctoral \u00ab<strong>Los davila: se\u00f1ores de villafranca y las navas en la baja edad media.<\/strong>\u00ab<\/h3>\n<ul>\n<li><strong>T\u00edtulo de la tesis:<\/strong>\u00a0 Los davila: se\u00f1ores de villafranca y las navas en la baja edad media. <\/li>\n<li><strong>Autor:<\/strong>\u00a0 Jos\u00e9 Angel Marin Ramirez <\/li>\n<li><strong>Universidad:<\/strong>\u00a0 C\u00e1diz<\/li>\n<li><strong>Fecha de lectura de la tesis:<\/strong>\u00a0 17\/11\/1997<\/li>\n<\/ul>\n<p>&nbsp;<\/p>\n<h3>Direcci\u00f3n y tribunal<\/h3>\n<ul>\n<li><strong>Director de la tesis<\/strong>\n<ul>\n<li>Alfonso Franco Silva<\/li>\n<\/ul>\n<\/li>\n<li><strong>Tribunal<\/strong>\n<ul>\n<li>Presidente del tribunal: Miguel \u00e1ngel Ladero quesada <\/li>\n<li>angel salvador Barrios Garc\u00eda (vocal)<\/li>\n<li>Manuel Gonz\u00e1lez jim\u00e9nez (vocal)<\/li>\n<li>Rafael S\u00e1nchez saus (vocal)<\/li>\n<\/ul>\n<\/li>\n<\/ul>\n<p>&nbsp;<\/p>\n","protected":false},"excerpt":{"rendered":"<p>Tesis doctoral de Jos\u00e9 Angel Marin Ramirez El estudio que ahora presentamos est\u00e1 articulado en tres partes fundamentales, a trav\u00e9s [&hellip;]<\/p>\n","protected":false},"author":1,"featured_media":0,"comment_status":"open","ping_status":"open","sticky":false,"template":"","format":"standard","meta":{"site-sidebar-layout":"default","site-content-layout":"","ast-site-content-layout":"","site-content-style":"default","site-sidebar-style":"default","ast-global-header-display":"","ast-banner-title-visibility":"","ast-main-header-display":"","ast-hfb-above-header-display":"","ast-hfb-below-header-display":"","ast-hfb-mobile-header-display":"","site-post-title":"","ast-breadcrumbs-content":"","ast-featured-img":"","footer-sml-layout":"","theme-transparent-header-meta":"","adv-header-id-meta":"","stick-header-meta":"","header-above-stick-meta":"","header-main-stick-meta":"","header-below-stick-meta":"","astra-migrate-meta-layouts":"default","ast-page-background-enabled":"default","ast-page-background-meta":{"desktop":{"background-color":"var(--ast-global-color-4)","background-image":"","background-repeat":"repeat","background-position":"center center","background-size":"auto","background-attachment":"scroll","background-type":"","background-media":"","overlay-type":"","overlay-color":"","overlay-gradient":""},"tablet":{"background-color":"","background-image":"","background-repeat":"repeat","background-position":"center center","background-size":"auto","background-attachment":"scroll","background-type":"","background-media":"","overlay-type":"","overlay-color":"","overlay-gradient":""},"mobile":{"background-color":"","background-image":"","background-repeat":"repeat","background-position":"center center","background-size":"auto","background-attachment":"scroll","background-type":"","background-media":"","overlay-type":"","overlay-color":"","overlay-gradient":""}},"ast-content-background-meta":{"desktop":{"background-color":"var(--ast-global-color-5)","background-image":"","background-repeat":"repeat","background-position":"center center","background-size":"auto","background-attachment":"scroll","background-type":"","background-media":"","overlay-type":"","overlay-color":"","overlay-gradient":""},"tablet":{"background-color":"var(--ast-global-color-5)","background-image":"","background-repeat":"repeat","background-position":"center center","background-size":"auto","background-attachment":"scroll","background-type":"","background-media":"","overlay-type":"","overlay-color":"","overlay-gradient":""},"mobile":{"background-color":"var(--ast-global-color-5)","background-image":"","background-repeat":"repeat","background-position":"center center","background-size":"auto","background-attachment":"scroll","background-type":"","background-media":"","overlay-type":"","overlay-color":"","overlay-gradient":""}},"footnotes":""},"categories":[1506,104,119,220],"tags":[1749,7043,90932,1748,5296,1751],"class_list":["post-33287","post","type-post","status-publish","format-standard","hentry","category-cadiz","category-historia","category-historia-medieval","category-historia-por-epocas","tag-alfonso-franco-silva","tag-angel-salvador-barrios-garcia","tag-jose-angel-marin-ramirez","tag-manuel-gonzalez-jimenez","tag-miguel-angel-ladero-quesada","tag-rafael-sanchez-saus"],"_links":{"self":[{"href":"https:\/\/www.deberes.net\/tesis\/wp-json\/wp\/v2\/posts\/33287","targetHints":{"allow":["GET"]}}],"collection":[{"href":"https:\/\/www.deberes.net\/tesis\/wp-json\/wp\/v2\/posts"}],"about":[{"href":"https:\/\/www.deberes.net\/tesis\/wp-json\/wp\/v2\/types\/post"}],"author":[{"embeddable":true,"href":"https:\/\/www.deberes.net\/tesis\/wp-json\/wp\/v2\/users\/1"}],"replies":[{"embeddable":true,"href":"https:\/\/www.deberes.net\/tesis\/wp-json\/wp\/v2\/comments?post=33287"}],"version-history":[{"count":0,"href":"https:\/\/www.deberes.net\/tesis\/wp-json\/wp\/v2\/posts\/33287\/revisions"}],"wp:attachment":[{"href":"https:\/\/www.deberes.net\/tesis\/wp-json\/wp\/v2\/media?parent=33287"}],"wp:term":[{"taxonomy":"category","embeddable":true,"href":"https:\/\/www.deberes.net\/tesis\/wp-json\/wp\/v2\/categories?post=33287"},{"taxonomy":"post_tag","embeddable":true,"href":"https:\/\/www.deberes.net\/tesis\/wp-json\/wp\/v2\/tags?post=33287"}],"curies":[{"name":"wp","href":"https:\/\/api.w.org\/{rel}","templated":true}]}}