{"id":33301,"date":"2018-03-09T09:30:21","date_gmt":"2018-03-09T09:30:21","guid":{"rendered":"https:\/\/www.deberes.net\/tesis\/sin-categoria\/jeronimo-sanchez-carranza-y-la-escuela-espanola-de-esgrima\/"},"modified":"2018-03-09T09:30:21","modified_gmt":"2018-03-09T09:30:21","slug":"jeronimo-sanchez-carranza-y-la-escuela-espanola-de-esgrima","status":"publish","type":"post","link":"https:\/\/www.deberes.net\/tesis\/historia\/jeronimo-sanchez-carranza-y-la-escuela-espanola-de-esgrima\/","title":{"rendered":"Jeronimo sanchez carranza y la escuela espa\u00f1ola de esgrima."},"content":{"rendered":"<h2>Tesis doctoral de <strong> Francisco Saucedo Morales <\/strong><\/h2>\n<p>Los comienzos del manejo de la espada, de una manera l\u00f3gica y razonada se une en la persona y en la vida de jer\u00f3nimo s\u00e1nchez carranza.  carranza es el que sienta los principios t\u00e9cnicos del arte de la esgrima, dando forma y coherencia a la escuela de esgrima espa\u00f1ola gracias a sus aportaciones en los distintos aspectos metodol\u00f3gicos, t\u00e9cnicos y t\u00e1cticos, dot\u00e1ndola de una estructura interna y sirviendo de base a la esgrima que posteriormente se practica.  en la tesis se puede observar dos partes bien diferenciadas: por un lado, la vida y el tratado de carranza y, por otro, el contenido de sus teor\u00edas que son las que se analizan.<\/p>\n<p>&nbsp;<\/p>\n<h3>Datos acad\u00e9micos de la tesis doctoral \u00ab<strong>Jeronimo sanchez carranza y la escuela espa\u00f1ola de esgrima.<\/strong>\u00ab<\/h3>\n<ul>\n<li><strong>T\u00edtulo de la tesis:<\/strong>\u00a0 Jeronimo sanchez carranza y la escuela espa\u00f1ola de esgrima. <\/li>\n<li><strong>Autor:<\/strong>\u00a0 Francisco Saucedo Morales <\/li>\n<li><strong>Universidad:<\/strong>\u00a0 Polit\u00e9cnica de Madrid<\/li>\n<li><strong>Fecha de lectura de la tesis:<\/strong>\u00a0 18\/11\/1997<\/li>\n<\/ul>\n<p>&nbsp;<\/p>\n<h3>Direcci\u00f3n y tribunal<\/h3>\n<ul>\n<li><strong>Director de la tesis<\/strong>\n<ul>\n<li>Fernando S\u00e1nchez Ba\u00f1uelos<\/li>\n<\/ul>\n<\/li>\n<li><strong>Tribunal<\/strong>\n<ul>\n<li>Presidente del tribunal: marcelino Benitez de soto <\/li>\n<li>carmen Peir\u00f3 velert (vocal)<\/li>\n<li>Antonio Medina revilla (vocal)<\/li>\n<li>Jes\u00fas Javier Rojo gonzalez (vocal)<\/li>\n<\/ul>\n<\/li>\n<\/ul>\n<p>&nbsp;<\/p>\n","protected":false},"excerpt":{"rendered":"<p>Tesis doctoral de Francisco Saucedo Morales Los comienzos del manejo de la espada, de una manera l\u00f3gica y razonada se [&hellip;]<\/p>\n","protected":false},"author":1,"featured_media":0,"comment_status":"open","ping_status":"open","sticky":false,"template":"","format":"standard","meta":{"site-sidebar-layout":"default","site-content-layout":"","ast-site-content-layout":"","site-content-style":"default","site-sidebar-style":"default","ast-global-header-display":"","ast-banner-title-visibility":"","ast-main-header-display":"","ast-hfb-above-header-display":"","ast-hfb-below-header-display":"","ast-hfb-mobile-header-display":"","site-post-title":"","ast-breadcrumbs-content":"","ast-featured-img":"","footer-sml-layout":"","theme-transparent-header-meta":"","adv-header-id-meta":"","stick-header-meta":"","header-above-stick-meta":"","header-main-stick-meta":"","header-below-stick-meta":"","astra-migrate-meta-layouts":"default","ast-page-background-enabled":"default","ast-page-background-meta":{"desktop":{"background-color":"var(--ast-global-color-4)","background-image":"","background-repeat":"repeat","background-position":"center center","background-size":"auto","background-attachment":"scroll","background-type":"","background-media":"","overlay-type":"","overlay-color":"","overlay-gradient":""},"tablet":{"background-color":"","background-image":"","background-repeat":"repeat","background-position":"center center","background-size":"auto","background-attachment":"scroll","background-type":"","background-media":"","overlay-type":"","overlay-color":"","overlay-gradient":""},"mobile":{"background-color":"","background-image":"","background-repeat":"repeat","background-position":"center center","background-size":"auto","background-attachment":"scroll","background-type":"","background-media":"","overlay-type":"","overlay-color":"","overlay-gradient":""}},"ast-content-background-meta":{"desktop":{"background-color":"var(--ast-global-color-5)","background-image":"","background-repeat":"repeat","background-position":"center center","background-size":"auto","background-attachment":"scroll","background-type":"","background-media":"","overlay-type":"","overlay-color":"","overlay-gradient":""},"tablet":{"background-color":"var(--ast-global-color-5)","background-image":"","background-repeat":"repeat","background-position":"center center","background-size":"auto","background-attachment":"scroll","background-type":"","background-media":"","overlay-type":"","overlay-color":"","overlay-gradient":""},"mobile":{"background-color":"var(--ast-global-color-5)","background-image":"","background-repeat":"repeat","background-position":"center center","background-size":"auto","background-attachment":"scroll","background-type":"","background-media":"","overlay-type":"","overlay-color":"","overlay-gradient":""}},"footnotes":""},"categories":[954,104,311,222,16008],"tags":[23672,90957,41022,77566,41025,90956],"class_list":["post-33301","post","type-post","status-publish","format-standard","hentry","category-biografias","category-historia","category-historia-de-la-educacion","category-historias-especializadas","category-politecnica-de-madrid","tag-antonio-medina-revilla","tag-carmen-peiro-velert","tag-fernando-sanchez-banuelos","tag-francisco-saucedo-morales","tag-jesus-javier-rojo-gonzalez","tag-marcelino-benitez-de-soto"],"_links":{"self":[{"href":"https:\/\/www.deberes.net\/tesis\/wp-json\/wp\/v2\/posts\/33301","targetHints":{"allow":["GET"]}}],"collection":[{"href":"https:\/\/www.deberes.net\/tesis\/wp-json\/wp\/v2\/posts"}],"about":[{"href":"https:\/\/www.deberes.net\/tesis\/wp-json\/wp\/v2\/types\/post"}],"author":[{"embeddable":true,"href":"https:\/\/www.deberes.net\/tesis\/wp-json\/wp\/v2\/users\/1"}],"replies":[{"embeddable":true,"href":"https:\/\/www.deberes.net\/tesis\/wp-json\/wp\/v2\/comments?post=33301"}],"version-history":[{"count":0,"href":"https:\/\/www.deberes.net\/tesis\/wp-json\/wp\/v2\/posts\/33301\/revisions"}],"wp:attachment":[{"href":"https:\/\/www.deberes.net\/tesis\/wp-json\/wp\/v2\/media?parent=33301"}],"wp:term":[{"taxonomy":"category","embeddable":true,"href":"https:\/\/www.deberes.net\/tesis\/wp-json\/wp\/v2\/categories?post=33301"},{"taxonomy":"post_tag","embeddable":true,"href":"https:\/\/www.deberes.net\/tesis\/wp-json\/wp\/v2\/tags?post=33301"}],"curies":[{"name":"wp","href":"https:\/\/api.w.org\/{rel}","templated":true}]}}