{"id":33373,"date":"2018-03-09T09:30:28","date_gmt":"2018-03-09T09:30:28","guid":{"rendered":"https:\/\/www.deberes.net\/tesis\/sin-categoria\/contribucion-al-conocimiento-de-la-impregnacion-humana-por-plomo-en-la-poblacion-navarra-deposito-en-piezas-dentarias\/"},"modified":"2018-03-09T09:30:28","modified_gmt":"2018-03-09T09:30:28","slug":"contribucion-al-conocimiento-de-la-impregnacion-humana-por-plomo-en-la-poblacion-navarra-deposito-en-piezas-dentarias","status":"publish","type":"post","link":"https:\/\/www.deberes.net\/tesis\/ciencias-medicas\/contribucion-al-conocimiento-de-la-impregnacion-humana-por-plomo-en-la-poblacion-navarra-deposito-en-piezas-dentarias\/","title":{"rendered":"Contribuci\u00f3n al conocimiento de la impregnaci\u00f3n humana por plomo en la poblaci\u00f3n navarra. deposito en piezas dentarias."},"content":{"rendered":"<h2>Tesis doctoral de <strong> Blanca Orbaiz Azpillaga <\/strong><\/h2>\n<p>Se analizan 394 piezas dentarias de navarra mediante espectrofotometria de absorci\u00f3n at\u00f3mica con c\u00e1mara de grafito. Se ha observado plomo en el 100% de las piezas, debido a la simple exposici\u00f3n ambiental. La media de plomo encontrada en todas ellas es de 21 ppm, con un promedio de edad de forma significativa. No se observan diferencias significativas entre varones y mujeres aunque los primeros muestran niveles algo m\u00e1s elevados.  con respecto a la situaci\u00f3n en la cavidad bucal, las piezas que ocupan el tercer cuadrante son las de niveles mas elevados, pero de forma no significativa.  el an\u00e1lisis de las diferencias entre piezas muestra que el m\u00e1ximo se halla en incisivos laterales y el m\u00ednimo en segundos premolares, quizas debido a diferencias de irriagaci\u00f3n. Los resultados del an\u00e1lissi de la actividad laboral son pocos demostrativos y podian estar influidos por la edad.<\/p>\n<p>&nbsp;<\/p>\n<h3>Datos acad\u00e9micos de la tesis doctoral \u00ab<strong>Contribuci\u00f3n al conocimiento de la impregnaci\u00f3n humana por plomo en la poblaci\u00f3n navarra. deposito en piezas dentarias.<\/strong>\u00ab<\/h3>\n<ul>\n<li><strong>T\u00edtulo de la tesis:<\/strong>\u00a0 Contribuci\u00f3n al conocimiento de la impregnaci\u00f3n humana por plomo en la poblaci\u00f3n navarra. deposito en piezas dentarias. <\/li>\n<li><strong>Autor:<\/strong>\u00a0 Blanca Orbaiz Azpillaga <\/li>\n<li><strong>Universidad:<\/strong>\u00a0 Barcelona<\/li>\n<li><strong>Fecha de lectura de la tesis:<\/strong>\u00a0 28\/11\/1997<\/li>\n<\/ul>\n<p>&nbsp;<\/p>\n<h3>Direcci\u00f3n y tribunal<\/h3>\n<ul>\n<li><strong>Director de la tesis<\/strong>\n<ul>\n<li>Margarita Luna Descalzo<\/li>\n<\/ul>\n<\/li>\n<li><strong>Tribunal<\/strong>\n<ul>\n<li>Presidente del tribunal: emili Huguet ramia <\/li>\n<li>Juan  bautista Marti lloret (vocal)<\/li>\n<li>abelardo Guarner vila (vocal)<\/li>\n<li>Manuel Camps surroca (vocal)<\/li>\n<\/ul>\n<\/li>\n<\/ul>\n<p>&nbsp;<\/p>\n","protected":false},"excerpt":{"rendered":"<p>Tesis doctoral de Blanca Orbaiz Azpillaga Se analizan 394 piezas dentarias de navarra mediante espectrofotometria de absorci\u00f3n at\u00f3mica con c\u00e1mara [&hellip;]<\/p>\n","protected":false},"author":1,"featured_media":0,"comment_status":"open","ping_status":"open","sticky":false,"template":"","format":"standard","meta":{"site-sidebar-layout":"default","site-content-layout":"","ast-site-content-layout":"","site-content-style":"default","site-sidebar-style":"default","ast-global-header-display":"","ast-banner-title-visibility":"","ast-main-header-display":"","ast-hfb-above-header-display":"","ast-hfb-below-header-display":"","ast-hfb-mobile-header-display":"","site-post-title":"","ast-breadcrumbs-content":"","ast-featured-img":"","footer-sml-layout":"","theme-transparent-header-meta":"","adv-header-id-meta":"","stick-header-meta":"","header-above-stick-meta":"","header-main-stick-meta":"","header-below-stick-meta":"","astra-migrate-meta-layouts":"default","ast-page-background-enabled":"default","ast-page-background-meta":{"desktop":{"background-color":"var(--ast-global-color-4)","background-image":"","background-repeat":"repeat","background-position":"center center","background-size":"auto","background-attachment":"scroll","background-type":"","background-media":"","overlay-type":"","overlay-color":"","overlay-gradient":""},"tablet":{"background-color":"","background-image":"","background-repeat":"repeat","background-position":"center center","background-size":"auto","background-attachment":"scroll","background-type":"","background-media":"","overlay-type":"","overlay-color":"","overlay-gradient":""},"mobile":{"background-color":"","background-image":"","background-repeat":"repeat","background-position":"center center","background-size":"auto","background-attachment":"scroll","background-type":"","background-media":"","overlay-type":"","overlay-color":"","overlay-gradient":""}},"ast-content-background-meta":{"desktop":{"background-color":"var(--ast-global-color-5)","background-image":"","background-repeat":"repeat","background-position":"center center","background-size":"auto","background-attachment":"scroll","background-type":"","background-media":"","overlay-type":"","overlay-color":"","overlay-gradient":""},"tablet":{"background-color":"var(--ast-global-color-5)","background-image":"","background-repeat":"repeat","background-position":"center center","background-size":"auto","background-attachment":"scroll","background-type":"","background-media":"","overlay-type":"","overlay-color":"","overlay-gradient":""},"mobile":{"background-color":"var(--ast-global-color-5)","background-image":"","background-repeat":"repeat","background-position":"center center","background-size":"auto","background-attachment":"scroll","background-type":"","background-media":"","overlay-type":"","overlay-color":"","overlay-gradient":""}},"footnotes":""},"categories":[951,9,401],"tags":[20083,91092,3941,9372,1149,32964],"class_list":["post-33373","post","type-post","status-publish","format-standard","hentry","category-barcelona","category-ciencias-medicas","category-toxicologia","tag-abelardo-guarner-vila","tag-blanca-orbaiz-azpillaga","tag-emili-huguet-ramia","tag-juan-bautista-marti-lloret","tag-manuel-camps-surroca","tag-margarita-luna-descalzo"],"_links":{"self":[{"href":"https:\/\/www.deberes.net\/tesis\/wp-json\/wp\/v2\/posts\/33373","targetHints":{"allow":["GET"]}}],"collection":[{"href":"https:\/\/www.deberes.net\/tesis\/wp-json\/wp\/v2\/posts"}],"about":[{"href":"https:\/\/www.deberes.net\/tesis\/wp-json\/wp\/v2\/types\/post"}],"author":[{"embeddable":true,"href":"https:\/\/www.deberes.net\/tesis\/wp-json\/wp\/v2\/users\/1"}],"replies":[{"embeddable":true,"href":"https:\/\/www.deberes.net\/tesis\/wp-json\/wp\/v2\/comments?post=33373"}],"version-history":[{"count":0,"href":"https:\/\/www.deberes.net\/tesis\/wp-json\/wp\/v2\/posts\/33373\/revisions"}],"wp:attachment":[{"href":"https:\/\/www.deberes.net\/tesis\/wp-json\/wp\/v2\/media?parent=33373"}],"wp:term":[{"taxonomy":"category","embeddable":true,"href":"https:\/\/www.deberes.net\/tesis\/wp-json\/wp\/v2\/categories?post=33373"},{"taxonomy":"post_tag","embeddable":true,"href":"https:\/\/www.deberes.net\/tesis\/wp-json\/wp\/v2\/tags?post=33373"}],"curies":[{"name":"wp","href":"https:\/\/api.w.org\/{rel}","templated":true}]}}