{"id":33378,"date":"2018-03-09T09:30:28","date_gmt":"2018-03-09T09:30:28","guid":{"rendered":"https:\/\/www.deberes.net\/tesis\/sin-categoria\/las-medidas-cautelares-del-articulo-24-del-convenio-de-bruselas\/"},"modified":"2018-03-09T09:30:28","modified_gmt":"2018-03-09T09:30:28","slug":"las-medidas-cautelares-del-articulo-24-del-convenio-de-bruselas","status":"publish","type":"post","link":"https:\/\/www.deberes.net\/tesis\/ciencias-juridicas-y-derecho\/las-medidas-cautelares-del-articulo-24-del-convenio-de-bruselas\/","title":{"rendered":"Las medidas cautelares del articulo 24 del convenio de bruselas."},"content":{"rendered":"<h2>Tesis doctoral de <strong> Fernando Gasc\u00f3n Inchausti <\/strong><\/h2>\n<p>El art\u00edculo 24 del convenio de bruselas de 1968 relativo a la competencia judicial y al reconocimiento y ejecuci\u00f3n de resoluciones judiciales en materia civil y mercantil -del que espa\u00f1a es parte desde 1991- permite a los justiciables solicitar y obtener medidas cautelares de los jueces de un estado, aunque en \u00e9l ni se desarrolle ni se vaya a desarrollar el proceso sobre el fondo. Con esta premisa, la presente investigaci\u00f3n tiene por objeto determinar de modo sistem\u00e1tico todas las cuestiones que plantea la solicitud y adopci\u00f3n de medidas cautelares en espa\u00f1a en virtud de la citada norma convencional: cu\u00e1l es el concreto juez competente para su adopci\u00f3n; qui\u00e9bes son parte en el proceso cautelar; que especialidades afectan a los presupuestos de las medidas cautelares cuando se solicitan en apoyo de un proceso extranjero; y, por \u00faltimo, cu\u00e1l es y c\u00f3mo se articula la relaci\u00f3n entre la medida cautelar acordada en espa\u00f1a y el proceso principal, que se desenvuelve ya o que comenzar\u00e1 en breve plazo ante los tribunales de otro estado comunitario.<\/p>\n<p>&nbsp;<\/p>\n<h3>Datos acad\u00e9micos de la tesis doctoral \u00ab<strong>Las medidas cautelares del articulo 24 del convenio de bruselas.<\/strong>\u00ab<\/h3>\n<ul>\n<li><strong>T\u00edtulo de la tesis:<\/strong>\u00a0 Las medidas cautelares del articulo 24 del convenio de bruselas. <\/li>\n<li><strong>Autor:<\/strong>\u00a0 Fernando Gasc\u00f3n Inchausti <\/li>\n<li><strong>Universidad:<\/strong>\u00a0 Complutense de Madrid<\/li>\n<li><strong>Fecha de lectura de la tesis:<\/strong>\u00a0 28\/11\/1997<\/li>\n<\/ul>\n<p>&nbsp;<\/p>\n<h3>Direcci\u00f3n y tribunal<\/h3>\n<ul>\n<li><strong>Director de la tesis<\/strong>\n<ul>\n<li> Fernandez Lopez Miguel Angel<\/li>\n<\/ul>\n<\/li>\n<li><strong>Tribunal<\/strong>\n<ul>\n<li>Presidente del tribunal: Andr\u00e9s de la Oliva santos <\/li>\n<li>ignacio D\u00edez-picazo gim\u00e9nez (vocal)<\/li>\n<li>Jos\u00e9 Luis Gonz\u00e1lez  montes (vocal)<\/li>\n<li>teresa Armenta deu (vocal)<\/li>\n<\/ul>\n<\/li>\n<\/ul>\n<p>&nbsp;<\/p>\n","protected":false},"excerpt":{"rendered":"<p>Tesis doctoral de Fernando Gasc\u00f3n Inchausti El art\u00edculo 24 del convenio de bruselas de 1968 relativo a la competencia judicial [&hellip;]<\/p>\n","protected":false},"author":1,"featured_media":0,"comment_status":"open","ping_status":"open","sticky":false,"template":"","format":"standard","meta":{"site-sidebar-layout":"default","site-content-layout":"","ast-site-content-layout":"","site-content-style":"default","site-sidebar-style":"default","ast-global-header-display":"","ast-banner-title-visibility":"","ast-main-header-display":"","ast-hfb-above-header-display":"","ast-hfb-below-header-display":"","ast-hfb-mobile-header-display":"","site-post-title":"","ast-breadcrumbs-content":"","ast-featured-img":"","footer-sml-layout":"","theme-transparent-header-meta":"","adv-header-id-meta":"","stick-header-meta":"","header-above-stick-meta":"","header-main-stick-meta":"","header-below-stick-meta":"","astra-migrate-meta-layouts":"default","ast-page-background-enabled":"default","ast-page-background-meta":{"desktop":{"background-color":"var(--ast-global-color-4)","background-image":"","background-repeat":"repeat","background-position":"center center","background-size":"auto","background-attachment":"scroll","background-type":"","background-media":"","overlay-type":"","overlay-color":"","overlay-gradient":""},"tablet":{"background-color":"","background-image":"","background-repeat":"repeat","background-position":"center center","background-size":"auto","background-attachment":"scroll","background-type":"","background-media":"","overlay-type":"","overlay-color":"","overlay-gradient":""},"mobile":{"background-color":"","background-image":"","background-repeat":"repeat","background-position":"center center","background-size":"auto","background-attachment":"scroll","background-type":"","background-media":"","overlay-type":"","overlay-color":"","overlay-gradient":""}},"ast-content-background-meta":{"desktop":{"background-color":"var(--ast-global-color-5)","background-image":"","background-repeat":"repeat","background-position":"center center","background-size":"auto","background-attachment":"scroll","background-type":"","background-media":"","overlay-type":"","overlay-color":"","overlay-gradient":""},"tablet":{"background-color":"var(--ast-global-color-5)","background-image":"","background-repeat":"repeat","background-position":"center center","background-size":"auto","background-attachment":"scroll","background-type":"","background-media":"","overlay-type":"","overlay-color":"","overlay-gradient":""},"mobile":{"background-color":"var(--ast-global-color-5)","background-image":"","background-repeat":"repeat","background-position":"center center","background-size":"auto","background-attachment":"scroll","background-type":"","background-media":"","overlay-type":"","overlay-color":"","overlay-gradient":""}},"footnotes":""},"categories":[612,3620,3621],"tags":[3626,4853,65142,33475,91103,12326],"class_list":["post-33378","post","type-post","status-publish","format-standard","hentry","category-ciencias-juridicas-y-derecho","category-derecho-procesal","category-organizacion-juridica","tag-andres-de-la-oliva-santos","tag-fernandez-lopez-miguel-angel","tag-fernando-gascon-inchausti","tag-ignacio-diez-picazo-gimenez","tag-jose-luis-gonzalez-montes","tag-teresa-armenta-deu"],"_links":{"self":[{"href":"https:\/\/www.deberes.net\/tesis\/wp-json\/wp\/v2\/posts\/33378","targetHints":{"allow":["GET"]}}],"collection":[{"href":"https:\/\/www.deberes.net\/tesis\/wp-json\/wp\/v2\/posts"}],"about":[{"href":"https:\/\/www.deberes.net\/tesis\/wp-json\/wp\/v2\/types\/post"}],"author":[{"embeddable":true,"href":"https:\/\/www.deberes.net\/tesis\/wp-json\/wp\/v2\/users\/1"}],"replies":[{"embeddable":true,"href":"https:\/\/www.deberes.net\/tesis\/wp-json\/wp\/v2\/comments?post=33378"}],"version-history":[{"count":0,"href":"https:\/\/www.deberes.net\/tesis\/wp-json\/wp\/v2\/posts\/33378\/revisions"}],"wp:attachment":[{"href":"https:\/\/www.deberes.net\/tesis\/wp-json\/wp\/v2\/media?parent=33378"}],"wp:term":[{"taxonomy":"category","embeddable":true,"href":"https:\/\/www.deberes.net\/tesis\/wp-json\/wp\/v2\/categories?post=33378"},{"taxonomy":"post_tag","embeddable":true,"href":"https:\/\/www.deberes.net\/tesis\/wp-json\/wp\/v2\/tags?post=33378"}],"curies":[{"name":"wp","href":"https:\/\/api.w.org\/{rel}","templated":true}]}}