{"id":33468,"date":"1997-11-12T00:00:00","date_gmt":"1997-11-12T00:00:00","guid":{"rendered":"https:\/\/www.deberes.net\/tesis\/sin-categoria\/el-embargo-de-la-empresa\/"},"modified":"1997-11-12T00:00:00","modified_gmt":"1997-11-12T00:00:00","slug":"el-embargo-de-la-empresa","status":"publish","type":"post","link":"https:\/\/www.deberes.net\/tesis\/ciencias-juridicas-y-derecho\/el-embargo-de-la-empresa\/","title":{"rendered":"El embargo de la empresa."},"content":{"rendered":"<h2>Tesis doctoral de <strong> Javier L\u00f3pez S\u00e1nchez <\/strong><\/h2>\n<p>En la tesis doctoral se defiende la inadaptaci\u00f3n de la actual regulaci\u00f3n del proceso de ejecuci\u00f3n a las exigencias planteadas por la empresa cuando quiere hacerse de la misma objeto de este proceso. Se lleva a cabo una cr\u00edtica de la asimilaci\u00f3n del r\u00e9gimen del embargo de la empresa con el r\u00e9gimen de la hipoteca mobiliaria del establecimiento mercantil.  a continuaci\u00f3n se analizan los distintos requisitos exigidos a los bienes para poder trabar embargo sobre los mismos. Se analiza la patrimonialidad, alienabilidad e inembargabilidad de la empresa. La tercera parte de la tesis analiza la din\u00e1mica del embargo y las distintas medidas de garant\u00eda que cabe adoptar en relaci\u00f3n con la empresa cuando esta es embargada. Tambi\u00e9n se lleva a cabo un estudio detenido de el secuestro como instituci\u00f3n jur\u00eddica vigente en nuestro ordenamiento jur\u00eddico.  como consecuencia de la anterior investigaci\u00f3n se formulan en las \u00faltimas p\u00e1ginas, dentro de las conclusiones, unas propuestas de lege ferenda en torno a la posibilidad de trabar embargo sobre la empresa que exigir\u00edan la regulaci\u00f3n de una forma de subrogaci\u00f3n del adjudicatario de la empresa en las distintas relaciones contractuales integradas en la organizaci\u00f3n empresarial.<\/p>\n<p>&nbsp;<\/p>\n<h3>Datos acad\u00e9micos de la tesis doctoral \u00ab<strong>El embargo de la empresa.<\/strong>\u00ab<\/h3>\n<ul>\n<li><strong>T\u00edtulo de la tesis:<\/strong>\u00a0 El embargo de la empresa. <\/li>\n<li><strong>Autor:<\/strong>\u00a0 Javier L\u00f3pez S\u00e1nchez <\/li>\n<li><strong>Universidad:<\/strong>\u00a0 Zaragoza<\/li>\n<li><strong>Fecha de lectura de la tesis:<\/strong>\u00a0 11\/12\/1997<\/li>\n<\/ul>\n<p>&nbsp;<\/p>\n<h3>Direcci\u00f3n y tribunal<\/h3>\n<ul>\n<li><strong>Director de la tesis<\/strong>\n<ul>\n<li>Angel Bonet Navarro<\/li>\n<\/ul>\n<\/li>\n<li><strong>Tribunal<\/strong>\n<ul>\n<li>Presidente del tribunal: Andr\u00e9s de la Oliva santos <\/li>\n<li>Juan  Luis Gomez colomer (vocal)<\/li>\n<li>Jos\u00e9 Mar\u00eda Rifa soler (vocal)<\/li>\n<li>ignacio D\u00edez-picazo gim\u00e9nez (vocal)<\/li>\n<\/ul>\n<\/li>\n<\/ul>\n<p>&nbsp;<\/p>\n","protected":false},"excerpt":{"rendered":"<p>Tesis doctoral de Javier L\u00f3pez S\u00e1nchez En la tesis doctoral se defiende la inadaptaci\u00f3n de la actual regulaci\u00f3n del proceso [&hellip;]<\/p>\n","protected":false},"author":1,"featured_media":0,"comment_status":"open","ping_status":"open","sticky":false,"template":"","format":"standard","meta":{"site-sidebar-layout":"default","site-content-layout":"","ast-site-content-layout":"","site-content-style":"default","site-sidebar-style":"default","ast-global-header-display":"","ast-banner-title-visibility":"","ast-main-header-display":"","ast-hfb-above-header-display":"","ast-hfb-below-header-display":"","ast-hfb-mobile-header-display":"","site-post-title":"","ast-breadcrumbs-content":"","ast-featured-img":"","footer-sml-layout":"","theme-transparent-header-meta":"","adv-header-id-meta":"","stick-header-meta":"","header-above-stick-meta":"","header-main-stick-meta":"","header-below-stick-meta":"","astra-migrate-meta-layouts":"default","ast-page-background-enabled":"default","ast-page-background-meta":{"desktop":{"background-color":"var(--ast-global-color-4)","background-image":"","background-repeat":"repeat","background-position":"center center","background-size":"auto","background-attachment":"scroll","background-type":"","background-media":"","overlay-type":"","overlay-color":"","overlay-gradient":""},"tablet":{"background-color":"","background-image":"","background-repeat":"repeat","background-position":"center center","background-size":"auto","background-attachment":"scroll","background-type":"","background-media":"","overlay-type":"","overlay-color":"","overlay-gradient":""},"mobile":{"background-color":"","background-image":"","background-repeat":"repeat","background-position":"center center","background-size":"auto","background-attachment":"scroll","background-type":"","background-media":"","overlay-type":"","overlay-color":"","overlay-gradient":""}},"ast-content-background-meta":{"desktop":{"background-color":"var(--ast-global-color-5)","background-image":"","background-repeat":"repeat","background-position":"center center","background-size":"auto","background-attachment":"scroll","background-type":"","background-media":"","overlay-type":"","overlay-color":"","overlay-gradient":""},"tablet":{"background-color":"var(--ast-global-color-5)","background-image":"","background-repeat":"repeat","background-position":"center center","background-size":"auto","background-attachment":"scroll","background-type":"","background-media":"","overlay-type":"","overlay-color":"","overlay-gradient":""},"mobile":{"background-color":"var(--ast-global-color-5)","background-image":"","background-repeat":"repeat","background-position":"center center","background-size":"auto","background-attachment":"scroll","background-type":"","background-media":"","overlay-type":"","overlay-color":"","overlay-gradient":""}},"footnotes":""},"categories":[612,3894,979,3621,13610],"tags":[3626,4856,33475,91264,5387,18730],"class_list":["post-33468","post","type-post","status-publish","format-standard","hentry","category-ciencias-juridicas-y-derecho","category-derecho-privado","category-derecho-y-legislacion-nacionales","category-organizacion-juridica","category-zaragoza","tag-andres-de-la-oliva-santos","tag-angel-bonet-navarro","tag-ignacio-diez-picazo-gimenez","tag-javier-lopez-sanchez","tag-jose-maria-rifa-soler","tag-juan-luis-gomez-colomer"],"_links":{"self":[{"href":"https:\/\/www.deberes.net\/tesis\/wp-json\/wp\/v2\/posts\/33468","targetHints":{"allow":["GET"]}}],"collection":[{"href":"https:\/\/www.deberes.net\/tesis\/wp-json\/wp\/v2\/posts"}],"about":[{"href":"https:\/\/www.deberes.net\/tesis\/wp-json\/wp\/v2\/types\/post"}],"author":[{"embeddable":true,"href":"https:\/\/www.deberes.net\/tesis\/wp-json\/wp\/v2\/users\/1"}],"replies":[{"embeddable":true,"href":"https:\/\/www.deberes.net\/tesis\/wp-json\/wp\/v2\/comments?post=33468"}],"version-history":[{"count":0,"href":"https:\/\/www.deberes.net\/tesis\/wp-json\/wp\/v2\/posts\/33468\/revisions"}],"wp:attachment":[{"href":"https:\/\/www.deberes.net\/tesis\/wp-json\/wp\/v2\/media?parent=33468"}],"wp:term":[{"taxonomy":"category","embeddable":true,"href":"https:\/\/www.deberes.net\/tesis\/wp-json\/wp\/v2\/categories?post=33468"},{"taxonomy":"post_tag","embeddable":true,"href":"https:\/\/www.deberes.net\/tesis\/wp-json\/wp\/v2\/tags?post=33468"}],"curies":[{"name":"wp","href":"https:\/\/api.w.org\/{rel}","templated":true}]}}