{"id":33476,"date":"1997-11-12T00:00:00","date_gmt":"1997-11-12T00:00:00","guid":{"rendered":"https:\/\/www.deberes.net\/tesis\/sin-categoria\/estudio-dimensional-de-las-teorias-termologicas-clasicas\/"},"modified":"1997-11-12T00:00:00","modified_gmt":"1997-11-12T00:00:00","slug":"estudio-dimensional-de-las-teorias-termologicas-clasicas","status":"publish","type":"post","link":"https:\/\/www.deberes.net\/tesis\/fisica\/estudio-dimensional-de-las-teorias-termologicas-clasicas\/","title":{"rendered":"Estudio dimensional de las teorias termologicas clasicas."},"content":{"rendered":"<h2>Tesis doctoral de <strong> Miguel Angel Galvez Huerta <\/strong><\/h2>\n<p>En la primera parte, a la luz de la teor\u00eda dimensional (teor\u00eda fundamental del an\u00e1lisis dimensional), se tratan:  primero, las teorias termol\u00f3gicas cl\u00e1sicas independientemente; segundo, las relaciones interte\u00f3ricas de relaci\u00f3n intratermol\u00f3gica; y tercero, las relaciones interte\u00f3ricas extratermol\u00f3gicas (yuxtaposiciones de las teor\u00edas termol\u00f3gicas con teorias de los \u00e1mbitos de la mec\u00e1nica, electromagnetismos, etc.). En todos los casos, tratados rigurosa y extensivamente, se deducen los \u00f3rdenes de las respectivas teor\u00edas, la relaci\u00f3n de bases posibles sugiriendo una de ellas como usual o recomendable, y las f\u00f3rmulas dimensionales de las magnitudes no b\u00e1sicas en la base correspondiente.  en la segunda parte se resuelven problemas de an\u00e1lisis dimensional en el marco te\u00f3rico que les correponde y en las bases dimensionales deducidas en la primera parte. Se resuelven problemas tradicionales pendientes en an\u00e1lisis dimensional tales como los de boussinesq, del n\u00famero de moles y el denominado de la verdadera dimensi\u00f3n de la temperatura.<\/p>\n<p>&nbsp;<\/p>\n<h3>Datos acad\u00e9micos de la tesis doctoral \u00ab<strong>Estudio dimensional de las teorias termologicas clasicas.<\/strong>\u00ab<\/h3>\n<ul>\n<li><strong>T\u00edtulo de la tesis:<\/strong>\u00a0 Estudio dimensional de las teorias termologicas clasicas. <\/li>\n<li><strong>Autor:<\/strong>\u00a0 Miguel Angel Galvez Huerta <\/li>\n<li><strong>Universidad:<\/strong>\u00a0 Polit\u00e9cnica de Madrid<\/li>\n<li><strong>Fecha de lectura de la tesis:<\/strong>\u00a0 11\/12\/1997<\/li>\n<\/ul>\n<p>&nbsp;<\/p>\n<h3>Direcci\u00f3n y tribunal<\/h3>\n<ul>\n<li><strong>Director de la tesis<\/strong>\n<ul>\n<li>Francisco Gonz\u00e1lez De Posada<\/li>\n<\/ul>\n<\/li>\n<li><strong>Tribunal<\/strong>\n<ul>\n<li>Presidente del tribunal: manuel Casta\u00f1s camargo <\/li>\n<li>dominga Trujillo jacinto del castillo (vocal)<\/li>\n<li>Jos\u00e9 Mar\u00eda Varona ruiz (vocal)<\/li>\n<li>Jos\u00e9 Aguilar peris (vocal)<\/li>\n<\/ul>\n<\/li>\n<\/ul>\n<p>&nbsp;<\/p>\n","protected":false},"excerpt":{"rendered":"<p>Tesis doctoral de Miguel Angel Galvez Huerta En la primera parte, a la luz de la teor\u00eda dimensional (teor\u00eda fundamental [&hellip;]<\/p>\n","protected":false},"author":1,"featured_media":0,"comment_status":"open","ping_status":"open","sticky":false,"template":"","format":"standard","meta":{"site-sidebar-layout":"default","site-content-layout":"","ast-site-content-layout":"","site-content-style":"default","site-sidebar-style":"default","ast-global-header-display":"","ast-banner-title-visibility":"","ast-main-header-display":"","ast-hfb-above-header-display":"","ast-hfb-below-header-display":"","ast-hfb-mobile-header-display":"","site-post-title":"","ast-breadcrumbs-content":"","ast-featured-img":"","footer-sml-layout":"","theme-transparent-header-meta":"","adv-header-id-meta":"","stick-header-meta":"","header-above-stick-meta":"","header-main-stick-meta":"","header-below-stick-meta":"","astra-migrate-meta-layouts":"default","ast-page-background-enabled":"default","ast-page-background-meta":{"desktop":{"background-color":"var(--ast-global-color-4)","background-image":"","background-repeat":"repeat","background-position":"center center","background-size":"auto","background-attachment":"scroll","background-type":"","background-media":"","overlay-type":"","overlay-color":"","overlay-gradient":""},"tablet":{"background-color":"","background-image":"","background-repeat":"repeat","background-position":"center center","background-size":"auto","background-attachment":"scroll","background-type":"","background-media":"","overlay-type":"","overlay-color":"","overlay-gradient":""},"mobile":{"background-color":"","background-image":"","background-repeat":"repeat","background-position":"center center","background-size":"auto","background-attachment":"scroll","background-type":"","background-media":"","overlay-type":"","overlay-color":"","overlay-gradient":""}},"ast-content-background-meta":{"desktop":{"background-color":"var(--ast-global-color-5)","background-image":"","background-repeat":"repeat","background-position":"center center","background-size":"auto","background-attachment":"scroll","background-type":"","background-media":"","overlay-type":"","overlay-color":"","overlay-gradient":""},"tablet":{"background-color":"var(--ast-global-color-5)","background-image":"","background-repeat":"repeat","background-position":"center center","background-size":"auto","background-attachment":"scroll","background-type":"","background-media":"","overlay-type":"","overlay-color":"","overlay-gradient":""},"mobile":{"background-color":"var(--ast-global-color-5)","background-image":"","background-repeat":"repeat","background-position":"center center","background-size":"auto","background-attachment":"scroll","background-type":"","background-media":"","overlay-type":"","overlay-color":"","overlay-gradient":""}},"footnotes":""},"categories":[91280,199,16008,2793,15988],"tags":[91282,23499,7731,10624,16318,91281],"class_list":["post-33476","post","type-post","status-publish","format-standard","hentry","category-constantes-fisicas","category-fisica","category-politecnica-de-madrid","category-termodinamica","category-unidades-y-constantes","tag-dominga-trujillo-jacinto-del-castillo","tag-francisco-gonzalez-de-posada","tag-jose-aguilar-peris","tag-jose-maria-varona-ruiz","tag-manuel-castans-camargo","tag-miguel-angel-galvez-huerta"],"_links":{"self":[{"href":"https:\/\/www.deberes.net\/tesis\/wp-json\/wp\/v2\/posts\/33476","targetHints":{"allow":["GET"]}}],"collection":[{"href":"https:\/\/www.deberes.net\/tesis\/wp-json\/wp\/v2\/posts"}],"about":[{"href":"https:\/\/www.deberes.net\/tesis\/wp-json\/wp\/v2\/types\/post"}],"author":[{"embeddable":true,"href":"https:\/\/www.deberes.net\/tesis\/wp-json\/wp\/v2\/users\/1"}],"replies":[{"embeddable":true,"href":"https:\/\/www.deberes.net\/tesis\/wp-json\/wp\/v2\/comments?post=33476"}],"version-history":[{"count":0,"href":"https:\/\/www.deberes.net\/tesis\/wp-json\/wp\/v2\/posts\/33476\/revisions"}],"wp:attachment":[{"href":"https:\/\/www.deberes.net\/tesis\/wp-json\/wp\/v2\/media?parent=33476"}],"wp:term":[{"taxonomy":"category","embeddable":true,"href":"https:\/\/www.deberes.net\/tesis\/wp-json\/wp\/v2\/categories?post=33476"},{"taxonomy":"post_tag","embeddable":true,"href":"https:\/\/www.deberes.net\/tesis\/wp-json\/wp\/v2\/tags?post=33476"}],"curies":[{"name":"wp","href":"https:\/\/api.w.org\/{rel}","templated":true}]}}