{"id":33511,"date":"1997-12-12T00:00:00","date_gmt":"1997-12-12T00:00:00","guid":{"rendered":"https:\/\/www.deberes.net\/tesis\/sin-categoria\/la-oracion-en-juan-casiano\/"},"modified":"1997-12-12T00:00:00","modified_gmt":"1997-12-12T00:00:00","slug":"la-oracion-en-juan-casiano","status":"publish","type":"post","link":"https:\/\/www.deberes.net\/tesis\/historia\/la-oracion-en-juan-casiano\/","title":{"rendered":"La oracion en juan casiano."},"content":{"rendered":"<h2>Tesis doctoral de <strong> Luis Pons Samaranch <\/strong><\/h2>\n<p>Expone ordenadamente el significado, tipos, disposiciones y pr\u00e1ctica de la oraci\u00f3n, as\u00ed como su relaci\u00f3n con la contemplaci\u00f3n. Tambi\u00e9n analiza la respuesta que da casiano al precepto del se\u00f1or de rezar en toda circunstancia, con el objeto de ver la relaci\u00f3n entre vida y oraci\u00f3n, es decir, si una vida santa puede considerarse una oraci\u00f3n cont\u00ednua.  la tesis se divide en seis cap\u00edtulos. El primero recoge una breve semblanza hist\u00f3rica del autor y una exposici\u00f3n del contenido de sus obras. En el segundo se analizan los principios generales en los que se enmarca su doctrina:  el hombre en su relaci\u00f3n con dios, una doctrina de la perfecci\u00f3n, y la ciencia espiritual. En el tercero se hace una presentaci\u00f3n de los conceptos de oraci\u00f3n y contemplaci\u00f3n y una descripci\u00f3n de las formas inferiores de oraci\u00f3n y contemplaci\u00f3n y una descripci\u00f3n de las formas inferiores de oraci\u00f3n. El cap\u00edtulo cuarto explica la obra de purificaci\u00f3n de la oraci\u00f3n y analiza las principales dificultades y remedios para conseguirlo. Los dos \u00faltimos cap\u00edtulos analizan los grados superiores de la oraci\u00f3n y la contemplaci\u00f3n: en el quinto se define y analiza la oraci\u00f3n de fuego y la oraci\u00f3n pura y, en el sexto, se expone la doctrina de casiano sobre la oraci\u00f3n continua.<\/p>\n<p>&nbsp;<\/p>\n<h3>Datos acad\u00e9micos de la tesis doctoral \u00ab<strong>La oracion en juan casiano.<\/strong>\u00ab<\/h3>\n<ul>\n<li><strong>T\u00edtulo de la tesis:<\/strong>\u00a0 La oracion en juan casiano. <\/li>\n<li><strong>Autor:<\/strong>\u00a0 Luis Pons Samaranch <\/li>\n<li><strong>Universidad:<\/strong>\u00a0 Navarra<\/li>\n<li><strong>Fecha de lectura de la tesis:<\/strong>\u00a0 12\/12\/1997<\/li>\n<\/ul>\n<p>&nbsp;<\/p>\n<h3>Direcci\u00f3n y tribunal<\/h3>\n<ul>\n<li><strong>Director de la tesis<\/strong>\n<ul>\n<li>Fco. Javier Sese Alegre<\/li>\n<\/ul>\n<\/li>\n<li><strong>Tribunal<\/strong>\n<ul>\n<li>Presidente del tribunal: Jos\u00e9 Luis Illanes Maestre <\/li>\n<li>Fco. Javier Sese Alegre (vocal)<\/li>\n<li>Marcelo Merino Rodr\u00edguez (vocal)<\/li>\n<li>Domingo Ramos-lisson (vocal)<\/li>\n<\/ul>\n<\/li>\n<\/ul>\n<p>&nbsp;<\/p>\n","protected":false},"excerpt":{"rendered":"<p>Tesis doctoral de Luis Pons Samaranch Expone ordenadamente el significado, tipos, disposiciones y pr\u00e1ctica de la oraci\u00f3n, as\u00ed como su [&hellip;]<\/p>\n","protected":false},"author":1,"featured_media":0,"comment_status":"open","ping_status":"open","sticky":false,"template":"","format":"standard","meta":{"site-sidebar-layout":"default","site-content-layout":"","ast-site-content-layout":"","site-content-style":"default","site-sidebar-style":"default","ast-global-header-display":"","ast-banner-title-visibility":"","ast-main-header-display":"","ast-hfb-above-header-display":"","ast-hfb-below-header-display":"","ast-hfb-mobile-header-display":"","site-post-title":"","ast-breadcrumbs-content":"","ast-featured-img":"","footer-sml-layout":"","theme-transparent-header-meta":"","adv-header-id-meta":"","stick-header-meta":"","header-above-stick-meta":"","header-main-stick-meta":"","header-below-stick-meta":"","astra-migrate-meta-layouts":"default","ast-page-background-enabled":"default","ast-page-background-meta":{"desktop":{"background-color":"var(--ast-global-color-4)","background-image":"","background-repeat":"repeat","background-position":"center center","background-size":"auto","background-attachment":"scroll","background-type":"","background-media":"","overlay-type":"","overlay-color":"","overlay-gradient":""},"tablet":{"background-color":"","background-image":"","background-repeat":"repeat","background-position":"center center","background-size":"auto","background-attachment":"scroll","background-type":"","background-media":"","overlay-type":"","overlay-color":"","overlay-gradient":""},"mobile":{"background-color":"","background-image":"","background-repeat":"repeat","background-position":"center center","background-size":"auto","background-attachment":"scroll","background-type":"","background-media":"","overlay-type":"","overlay-color":"","overlay-gradient":""}},"ast-content-background-meta":{"desktop":{"background-color":"var(--ast-global-color-5)","background-image":"","background-repeat":"repeat","background-position":"center center","background-size":"auto","background-attachment":"scroll","background-type":"","background-media":"","overlay-type":"","overlay-color":"","overlay-gradient":""},"tablet":{"background-color":"var(--ast-global-color-5)","background-image":"","background-repeat":"repeat","background-position":"center center","background-size":"auto","background-attachment":"scroll","background-type":"","background-media":"","overlay-type":"","overlay-color":"","overlay-gradient":""},"mobile":{"background-color":"var(--ast-global-color-5)","background-image":"","background-repeat":"repeat","background-position":"center center","background-size":"auto","background-attachment":"scroll","background-type":"","background-media":"","overlay-type":"","overlay-color":"","overlay-gradient":""}},"footnotes":""},"categories":[681,983,104,7220,17749],"tags":[17837,17879,90659,91341,17935],"class_list":["post-33511","post","type-post","status-publish","format-standard","hentry","category-antropologia","category-antropologia-cultural","category-historia","category-historia-de-las-religiones","category-navarra","tag-domingo-ramos-lisson","tag-fco-javier-sese-alegre","tag-jose-luis-illanes-maestre","tag-luis-pons-samaranch","tag-marcelo-merino-rodriguez"],"_links":{"self":[{"href":"https:\/\/www.deberes.net\/tesis\/wp-json\/wp\/v2\/posts\/33511","targetHints":{"allow":["GET"]}}],"collection":[{"href":"https:\/\/www.deberes.net\/tesis\/wp-json\/wp\/v2\/posts"}],"about":[{"href":"https:\/\/www.deberes.net\/tesis\/wp-json\/wp\/v2\/types\/post"}],"author":[{"embeddable":true,"href":"https:\/\/www.deberes.net\/tesis\/wp-json\/wp\/v2\/users\/1"}],"replies":[{"embeddable":true,"href":"https:\/\/www.deberes.net\/tesis\/wp-json\/wp\/v2\/comments?post=33511"}],"version-history":[{"count":0,"href":"https:\/\/www.deberes.net\/tesis\/wp-json\/wp\/v2\/posts\/33511\/revisions"}],"wp:attachment":[{"href":"https:\/\/www.deberes.net\/tesis\/wp-json\/wp\/v2\/media?parent=33511"}],"wp:term":[{"taxonomy":"category","embeddable":true,"href":"https:\/\/www.deberes.net\/tesis\/wp-json\/wp\/v2\/categories?post=33511"},{"taxonomy":"post_tag","embeddable":true,"href":"https:\/\/www.deberes.net\/tesis\/wp-json\/wp\/v2\/tags?post=33511"}],"curies":[{"name":"wp","href":"https:\/\/api.w.org\/{rel}","templated":true}]}}