{"id":33529,"date":"2018-03-09T09:30:42","date_gmt":"2018-03-09T09:30:42","guid":{"rendered":"https:\/\/www.deberes.net\/tesis\/sin-categoria\/la-formacion-permanente-del-educador-una-alternativa-curricular\/"},"modified":"2018-03-09T09:30:42","modified_gmt":"2018-03-09T09:30:42","slug":"la-formacion-permanente-del-educador-una-alternativa-curricular","status":"publish","type":"post","link":"https:\/\/www.deberes.net\/tesis\/formacion-y-empleo-de-profesores\/la-formacion-permanente-del-educador-una-alternativa-curricular\/","title":{"rendered":"La formacion permanente del educador: una alternativa curricular."},"content":{"rendered":"<h2>Tesis doctoral de <strong> Vicente Escobar Molina <\/strong><\/h2>\n<p>La investigaci\u00f3n pretende aportar a un tema al que no se ha prestado la atenci\u00f3n que merece, referido a la \u00abformaci\u00f3n permanente del educador\u00bb y en concordancia con esto desarrollar una propuesta con la reciente promulgaci\u00f3n de la ley 115\/.94 para colombia, puntualizando en una alternativa curricular para la formaci\u00f3n en servicio de los educadores.  el objetivo primordial consiste entonces, en generar una propuesta curricular que desarrolle los apartados pertinentes consignados en la ley general de educaci\u00f3n, para tal efecto.  por otra parte, la investigaci\u00f3n aporta informaci\u00f3n acerca de la formaci\u00f3n de educadores en el presente siglo, los principios de la formaci\u00f3n, las pol\u00edticas gubernamentales, la situaci\u00f3n actual, la conceptualizaci\u00f3n te\u00f3rica de la formaci\u00f3n permanente y de la persona objeto de la misma, como el marco jur\u00eddico que sustenta la propuesta y los elementos curriculares a tener en cuenta para su desarrollo. Dentro de este \u00faltimo apartado se incluyen las \u00e1reas y m\u00e9todos para impartir la formaci\u00f3n, las estrategias administrativas, las proyecciones de formaci\u00f3n que deben tener presente las universidades de acuerdo a la ley y m\u00e1s concretamente, la universidad de la sabana que es la entidad que respalda institucionalmente al autor de la presente propuesta.  se pretende que la universidad de la sabana dirija los resultados de la investigaci\u00f3n a la poblaci\u00f3n de educadores que se han beneficiado con sus ense\u00f1anzas y a todos aquellos que recurren a ella en b\u00fasqueda de formaci\u00f3n, lo que se reflejar\u00e1 en el mejoramiento de la calidad educativa que pretende el gobierno de colombia.<\/p>\n<p>&nbsp;<\/p>\n<h3>Datos acad\u00e9micos de la tesis doctoral \u00ab<strong>La formacion permanente del educador: una alternativa curricular.<\/strong>\u00ab<\/h3>\n<ul>\n<li><strong>T\u00edtulo de la tesis:<\/strong>\u00a0 La formacion permanente del educador: una alternativa curricular. <\/li>\n<li><strong>Autor:<\/strong>\u00a0 Vicente Escobar Molina <\/li>\n<li><strong>Universidad:<\/strong>\u00a0 Navarra<\/li>\n<li><strong>Fecha de lectura de la tesis:<\/strong>\u00a0 15\/12\/1997<\/li>\n<\/ul>\n<p>&nbsp;<\/p>\n<h3>Direcci\u00f3n y tribunal<\/h3>\n<ul>\n<li><strong>Director de la tesis<\/strong>\n<ul>\n<li>Emilio Redondo Garcia<\/li>\n<\/ul>\n<\/li>\n<li><strong>Tribunal<\/strong>\n<ul>\n<li>Presidente del tribunal: Rogelio Medina Rubio <\/li>\n<li>Francisco Javier Vergara Ciordia (vocal)<\/li>\n<li>Blanca Jimenez Goicoa (vocal)<\/li>\n<li>Ana M. Navarro Ferrer (vocal)<\/li>\n<\/ul>\n<\/li>\n<\/ul>\n<p>&nbsp;<\/p>\n","protected":false},"excerpt":{"rendered":"<p>Tesis doctoral de Vicente Escobar Molina La investigaci\u00f3n pretende aportar a un tema al que no se ha prestado la [&hellip;]<\/p>\n","protected":false},"author":1,"featured_media":0,"comment_status":"open","ping_status":"open","sticky":false,"template":"","format":"standard","meta":{"site-sidebar-layout":"default","site-content-layout":"","ast-site-content-layout":"","site-content-style":"default","site-sidebar-style":"default","ast-global-header-display":"","ast-banner-title-visibility":"","ast-main-header-display":"","ast-hfb-above-header-display":"","ast-hfb-below-header-display":"","ast-hfb-mobile-header-display":"","site-post-title":"","ast-breadcrumbs-content":"","ast-featured-img":"","footer-sml-layout":"","theme-transparent-header-meta":"","adv-header-id-meta":"","stick-header-meta":"","header-above-stick-meta":"","header-main-stick-meta":"","header-below-stick-meta":"","astra-migrate-meta-layouts":"default","ast-page-background-enabled":"default","ast-page-background-meta":{"desktop":{"background-color":"var(--ast-global-color-4)","background-image":"","background-repeat":"repeat","background-position":"center center","background-size":"auto","background-attachment":"scroll","background-type":"","background-media":"","overlay-type":"","overlay-color":"","overlay-gradient":""},"tablet":{"background-color":"","background-image":"","background-repeat":"repeat","background-position":"center center","background-size":"auto","background-attachment":"scroll","background-type":"","background-media":"","overlay-type":"","overlay-color":"","overlay-gradient":""},"mobile":{"background-color":"","background-image":"","background-repeat":"repeat","background-position":"center center","background-size":"auto","background-attachment":"scroll","background-type":"","background-media":"","overlay-type":"","overlay-color":"","overlay-gradient":""}},"ast-content-background-meta":{"desktop":{"background-color":"var(--ast-global-color-5)","background-image":"","background-repeat":"repeat","background-position":"center center","background-size":"auto","background-attachment":"scroll","background-type":"","background-media":"","overlay-type":"","overlay-color":"","overlay-gradient":""},"tablet":{"background-color":"var(--ast-global-color-5)","background-image":"","background-repeat":"repeat","background-position":"center center","background-size":"auto","background-attachment":"scroll","background-type":"","background-media":"","overlay-type":"","overlay-color":"","overlay-gradient":""},"mobile":{"background-color":"var(--ast-global-color-5)","background-image":"","background-repeat":"repeat","background-position":"center center","background-size":"auto","background-attachment":"scroll","background-type":"","background-media":"","overlay-type":"","overlay-color":"","overlay-gradient":""}},"footnotes":""},"categories":[1140,17749,1141,1288],"tags":[91380,91379,171,17236,7625,91378],"class_list":["post-33529","post","type-post","status-publish","format-standard","hentry","category-formacion-y-empleo-de-profesores","category-navarra","category-pedagogia","category-preparacion-de-profesores","tag-ana-m-navarro-ferrer","tag-blanca-jimenez-goicoa","tag-emilio-redondo-garcia","tag-francisco-javier-vergara-ciordia","tag-rogelio-medina-rubio","tag-vicente-escobar-molina"],"_links":{"self":[{"href":"https:\/\/www.deberes.net\/tesis\/wp-json\/wp\/v2\/posts\/33529","targetHints":{"allow":["GET"]}}],"collection":[{"href":"https:\/\/www.deberes.net\/tesis\/wp-json\/wp\/v2\/posts"}],"about":[{"href":"https:\/\/www.deberes.net\/tesis\/wp-json\/wp\/v2\/types\/post"}],"author":[{"embeddable":true,"href":"https:\/\/www.deberes.net\/tesis\/wp-json\/wp\/v2\/users\/1"}],"replies":[{"embeddable":true,"href":"https:\/\/www.deberes.net\/tesis\/wp-json\/wp\/v2\/comments?post=33529"}],"version-history":[{"count":0,"href":"https:\/\/www.deberes.net\/tesis\/wp-json\/wp\/v2\/posts\/33529\/revisions"}],"wp:attachment":[{"href":"https:\/\/www.deberes.net\/tesis\/wp-json\/wp\/v2\/media?parent=33529"}],"wp:term":[{"taxonomy":"category","embeddable":true,"href":"https:\/\/www.deberes.net\/tesis\/wp-json\/wp\/v2\/categories?post=33529"},{"taxonomy":"post_tag","embeddable":true,"href":"https:\/\/www.deberes.net\/tesis\/wp-json\/wp\/v2\/tags?post=33529"}],"curies":[{"name":"wp","href":"https:\/\/api.w.org\/{rel}","templated":true}]}}