{"id":33552,"date":"2018-03-09T09:30:43","date_gmt":"2018-03-09T09:30:43","guid":{"rendered":"https:\/\/www.deberes.net\/tesis\/sin-categoria\/el-cabildo-catedralicio-de-plasencia-en-la-edad-media-estudio-social-eco-y-adm\/"},"modified":"2018-03-09T09:30:43","modified_gmt":"2018-03-09T09:30:43","slug":"el-cabildo-catedralicio-de-plasencia-en-la-edad-media-estudio-social-eco-y-adm","status":"publish","type":"post","link":"https:\/\/www.deberes.net\/tesis\/historia\/el-cabildo-catedralicio-de-plasencia-en-la-edad-media-estudio-social-eco-y-adm\/","title":{"rendered":"El cabildo catedralicio de plasencia en la edad media. estudio social, eco. y adm."},"content":{"rendered":"<h2>Tesis doctoral de <strong> Mar\u00eda  Del Carmen Martin Martin <\/strong><\/h2>\n<p>Con este trabajo queremos contribuir al conocimiento del cabildo catedralicio placentino como colectivo humano representativo de la jerarqu\u00eda eclesi\u00e1stica local. Para ello hemos dividido el estudio en cuatro partes. En la primera se analiza el marco geogr\u00e1fico en el que el cabildo ten\u00eda su zona de influencia, ofreciendo, adem\u00e1s, una visi\u00f3n de lo que fue la reconquista y posterior repoblaci\u00f3n de dicho espacio, as\u00ed como la fundaci\u00f3n del obispado. La segunda parte la hemos dedicado al estudio del r\u00e9gimen interno del cabildo. En la tercera se han analizado las bases econ\u00f3micas que permitieron la existencia de esta instituci\u00f3n; tratando de esbozar, primeramente, lo que fueron los or\u00edgenes y la formaci\u00f3n del patrimonio, estudiando a continuaci\u00f3n el siglo xv, con un ex\u00e1men pormenorizado de las propiedades urbanas y rurales pertenecientes a la mesa capitular y de las otras fuentes de ingresos, es decir, las rentas derivadas de los derechos se\u00f1oriales y eclesi\u00e1sticos, para terminar con un balance de la gesti\u00f3n econ\u00f3mica. Por \u00faltimo, en la cuarta parte se analiza brevemente el marco social en el que se desenvolv\u00edan los miembros del cabildo placentino.<\/p>\n<p>&nbsp;<\/p>\n<h3>Datos acad\u00e9micos de la tesis doctoral \u00ab<strong>El cabildo catedralicio de plasencia en la edad media. estudio social, eco. y adm.<\/strong>\u00ab<\/h3>\n<ul>\n<li><strong>T\u00edtulo de la tesis:<\/strong>\u00a0 El cabildo catedralicio de plasencia en la edad media. estudio social, eco. y adm. <\/li>\n<li><strong>Autor:<\/strong>\u00a0 Mar\u00eda  Del Carmen Martin Martin <\/li>\n<li><strong>Universidad:<\/strong>\u00a0 Salamanca<\/li>\n<li><strong>Fecha de lectura de la tesis:<\/strong>\u00a0 17\/12\/1997<\/li>\n<\/ul>\n<p>&nbsp;<\/p>\n<h3>Direcci\u00f3n y tribunal<\/h3>\n<ul>\n<li><strong>Director de la tesis<\/strong>\n<ul>\n<li> Martin Martin Jos\u00e9 Luis<\/li>\n<\/ul>\n<\/li>\n<li><strong>Tribunal<\/strong>\n<ul>\n<li>Presidente del tribunal: Jos\u00e9 Luis Mart\u00edn rodr\u00edguez <\/li>\n<li>Luis Miguel Villar  Garc\u00eda (vocal)<\/li>\n<li>angel salvador Barrios Garc\u00eda (vocal)<\/li>\n<li>m. Luisa Guadalupe beraza (vocal)<\/li>\n<\/ul>\n<\/li>\n<\/ul>\n<p>&nbsp;<\/p>\n","protected":false},"excerpt":{"rendered":"<p>Tesis doctoral de Mar\u00eda Del Carmen Martin Martin Con este trabajo queremos contribuir al conocimiento del cabildo catedralicio placentino como [&hellip;]<\/p>\n","protected":false},"author":1,"featured_media":0,"comment_status":"open","ping_status":"open","sticky":false,"template":"","format":"standard","meta":{"site-sidebar-layout":"default","site-content-layout":"","ast-site-content-layout":"","site-content-style":"default","site-sidebar-style":"default","ast-global-header-display":"","ast-banner-title-visibility":"","ast-main-header-display":"","ast-hfb-above-header-display":"","ast-hfb-below-header-display":"","ast-hfb-mobile-header-display":"","site-post-title":"","ast-breadcrumbs-content":"","ast-featured-img":"","footer-sml-layout":"","theme-transparent-header-meta":"","adv-header-id-meta":"","stick-header-meta":"","header-above-stick-meta":"","header-main-stick-meta":"","header-below-stick-meta":"","astra-migrate-meta-layouts":"default","ast-page-background-enabled":"default","ast-page-background-meta":{"desktop":{"background-color":"var(--ast-global-color-4)","background-image":"","background-repeat":"repeat","background-position":"center center","background-size":"auto","background-attachment":"scroll","background-type":"","background-media":"","overlay-type":"","overlay-color":"","overlay-gradient":""},"tablet":{"background-color":"","background-image":"","background-repeat":"repeat","background-position":"center center","background-size":"auto","background-attachment":"scroll","background-type":"","background-media":"","overlay-type":"","overlay-color":"","overlay-gradient":""},"mobile":{"background-color":"","background-image":"","background-repeat":"repeat","background-position":"center center","background-size":"auto","background-attachment":"scroll","background-type":"","background-media":"","overlay-type":"","overlay-color":"","overlay-gradient":""}},"ast-content-background-meta":{"desktop":{"background-color":"var(--ast-global-color-5)","background-image":"","background-repeat":"repeat","background-position":"center center","background-size":"auto","background-attachment":"scroll","background-type":"","background-media":"","overlay-type":"","overlay-color":"","overlay-gradient":""},"tablet":{"background-color":"var(--ast-global-color-5)","background-image":"","background-repeat":"repeat","background-position":"center center","background-size":"auto","background-attachment":"scroll","background-type":"","background-media":"","overlay-type":"","overlay-color":"","overlay-gradient":""},"mobile":{"background-color":"var(--ast-global-color-5)","background-image":"","background-repeat":"repeat","background-position":"center center","background-size":"auto","background-attachment":"scroll","background-type":"","background-media":"","overlay-type":"","overlay-color":"","overlay-gradient":""}},"footnotes":""},"categories":[104,119,220,9386],"tags":[7043,422,91426,91427,75046,85359],"class_list":["post-33552","post","type-post","status-publish","format-standard","hentry","category-historia","category-historia-medieval","category-historia-por-epocas","category-salamanca","tag-angel-salvador-barrios-garcia","tag-jose-luis-martin-rodriguez","tag-luis-miguel-villar-garcia","tag-m-luisa-guadalupe-beraza","tag-maria-del-carmen-martin-martin","tag-martin-martin-jose-luis"],"_links":{"self":[{"href":"https:\/\/www.deberes.net\/tesis\/wp-json\/wp\/v2\/posts\/33552","targetHints":{"allow":["GET"]}}],"collection":[{"href":"https:\/\/www.deberes.net\/tesis\/wp-json\/wp\/v2\/posts"}],"about":[{"href":"https:\/\/www.deberes.net\/tesis\/wp-json\/wp\/v2\/types\/post"}],"author":[{"embeddable":true,"href":"https:\/\/www.deberes.net\/tesis\/wp-json\/wp\/v2\/users\/1"}],"replies":[{"embeddable":true,"href":"https:\/\/www.deberes.net\/tesis\/wp-json\/wp\/v2\/comments?post=33552"}],"version-history":[{"count":0,"href":"https:\/\/www.deberes.net\/tesis\/wp-json\/wp\/v2\/posts\/33552\/revisions"}],"wp:attachment":[{"href":"https:\/\/www.deberes.net\/tesis\/wp-json\/wp\/v2\/media?parent=33552"}],"wp:term":[{"taxonomy":"category","embeddable":true,"href":"https:\/\/www.deberes.net\/tesis\/wp-json\/wp\/v2\/categories?post=33552"},{"taxonomy":"post_tag","embeddable":true,"href":"https:\/\/www.deberes.net\/tesis\/wp-json\/wp\/v2\/tags?post=33552"}],"curies":[{"name":"wp","href":"https:\/\/api.w.org\/{rel}","templated":true}]}}