{"id":33557,"date":"2018-03-09T09:30:44","date_gmt":"2018-03-09T09:30:44","guid":{"rendered":"https:\/\/www.deberes.net\/tesis\/sin-categoria\/la-jrefiyye-palestina-literatura-mujer-y-maravilla\/"},"modified":"2018-03-09T09:30:44","modified_gmt":"2018-03-09T09:30:44","slug":"la-jrefiyye-palestina-literatura-mujer-y-maravilla","status":"publish","type":"post","link":"https:\/\/www.deberes.net\/tesis\/linguistica\/la-jrefiyye-palestina-literatura-mujer-y-maravilla\/","title":{"rendered":"La jrefiyye palestina: literatura, mujer y maravilla."},"content":{"rendered":"<h2>Tesis doctoral de <strong> M. Montserrat Rabadan Carrascosa <\/strong><\/h2>\n<p>En esta investigaci\u00f3n se ha intentado definir y caracterizar un subg\u00e9nero perteneciente a la narrativa de tradici\u00f3n oral palestina: la jrefiyye o cuento maravilloso. Para ello se ha recurrido a diferentes teor\u00edas (vladimir propp, stith thompson, m. Pidal, etc.) con el fin de mostrar los rasgos espec\u00edficos que la vinculan al contexto arabo-isl\u00e1mico; y al mismo tiempo las caracter\u00edsticas comunes que la relacionan a la tradici\u00f3n oral universal.  por otra parte, se ha intentado se\u00f1alar el relevante papel que desempe\u00f1a la mujer tanto fuera como dentro de este tipo de cuento. Es decir, ya sea como transmisora de la jrefiyye o como protagonista de la misma. En especial \u00e9nfasis se ha hecho sobre el elemento maravilloso por ser este parte definitoria de la jrefiyye palestina en la que podemos encontrar una gran variedad de seres, objetos y animales maravillosos. Por \u00faltimo, se presenta un analisis de la forma y la estructura de la jrefiyye, la cual presenta un lenguaje codificado muy elaborado y una gran variedad de recursos: f\u00f3rmulas, t\u00f3picos, s\u00edmbolos, etc.. En suma, con este trabajo se pretende hacer una aportaci\u00f3n a los estudios del folklor en general, y m\u00e1s concretamente a la literatura tradicional \u00e1rabe.<\/p>\n<p>&nbsp;<\/p>\n<h3>Datos acad\u00e9micos de la tesis doctoral \u00ab<strong>La jrefiyye palestina: literatura, mujer y maravilla.<\/strong>\u00ab<\/h3>\n<ul>\n<li><strong>T\u00edtulo de la tesis:<\/strong>\u00a0 La jrefiyye palestina: literatura, mujer y maravilla. <\/li>\n<li><strong>Autor:<\/strong>\u00a0 M. Montserrat Rabadan Carrascosa <\/li>\n<li><strong>Universidad:<\/strong>\u00a0 Aut\u00f3noma de Madrid<\/li>\n<li><strong>Fecha de lectura de la tesis:<\/strong>\u00a0 17\/12\/1997<\/li>\n<\/ul>\n<p>&nbsp;<\/p>\n<h3>Direcci\u00f3n y tribunal<\/h3>\n<ul>\n<li><strong>Director de la tesis<\/strong>\n<ul>\n<li>villasante Ruiz Bravo<\/li>\n<\/ul>\n<\/li>\n<li><strong>Tribunal<\/strong>\n<ul>\n<li>Presidente del tribunal: pedro Martinez montavez <\/li>\n<li>monserrat victoria Abumalham mas (vocal)<\/li>\n<li>Mar\u00eda isabel L\u00e1zaro dur\u00e1n (vocal)<\/li>\n<li>Ana Valenciano l\u00f3pez de and\u00fajar (vocal)<\/li>\n<\/ul>\n<\/li>\n<\/ul>\n<p>&nbsp;<\/p>\n","protected":false},"excerpt":{"rendered":"<p>Tesis doctoral de M. Montserrat Rabadan Carrascosa En esta investigaci\u00f3n se ha intentado definir y caracterizar un subg\u00e9nero perteneciente a [&hellip;]<\/p>\n","protected":false},"author":1,"featured_media":0,"comment_status":"open","ping_status":"open","sticky":false,"template":"","format":"standard","meta":{"site-sidebar-layout":"default","site-content-layout":"","ast-site-content-layout":"","site-content-style":"default","site-sidebar-style":"default","ast-global-header-display":"","ast-banner-title-visibility":"","ast-main-header-display":"","ast-hfb-above-header-display":"","ast-hfb-below-header-display":"","ast-hfb-mobile-header-display":"","site-post-title":"","ast-breadcrumbs-content":"","ast-featured-img":"","footer-sml-layout":"","theme-transparent-header-meta":"","adv-header-id-meta":"","stick-header-meta":"","header-above-stick-meta":"","header-main-stick-meta":"","header-below-stick-meta":"","astra-migrate-meta-layouts":"default","ast-page-background-enabled":"default","ast-page-background-meta":{"desktop":{"background-color":"var(--ast-global-color-4)","background-image":"","background-repeat":"repeat","background-position":"center center","background-size":"auto","background-attachment":"scroll","background-type":"","background-media":"","overlay-type":"","overlay-color":"","overlay-gradient":""},"tablet":{"background-color":"","background-image":"","background-repeat":"repeat","background-position":"center center","background-size":"auto","background-attachment":"scroll","background-type":"","background-media":"","overlay-type":"","overlay-color":"","overlay-gradient":""},"mobile":{"background-color":"","background-image":"","background-repeat":"repeat","background-position":"center center","background-size":"auto","background-attachment":"scroll","background-type":"","background-media":"","overlay-type":"","overlay-color":"","overlay-gradient":""}},"ast-content-background-meta":{"desktop":{"background-color":"var(--ast-global-color-5)","background-image":"","background-repeat":"repeat","background-position":"center center","background-size":"auto","background-attachment":"scroll","background-type":"","background-media":"","overlay-type":"","overlay-color":"","overlay-gradient":""},"tablet":{"background-color":"var(--ast-global-color-5)","background-image":"","background-repeat":"repeat","background-position":"center center","background-size":"auto","background-attachment":"scroll","background-type":"","background-media":"","overlay-type":"","overlay-color":"","overlay-gradient":""},"mobile":{"background-color":"var(--ast-global-color-5)","background-image":"","background-repeat":"repeat","background-position":"center center","background-size":"auto","background-attachment":"scroll","background-type":"","background-media":"","overlay-type":"","overlay-color":"","overlay-gradient":""}},"footnotes":""},"categories":[636,59,60],"tags":[42268,91437,91438,81337,3890,81333],"class_list":["post-33557","post","type-post","status-publish","format-standard","hentry","category-lengua-y-literatura","category-linguistica","category-linguistica-aplicada","tag-ana-valenciano-lopez-de-andujar","tag-m-montserrat-rabadan-carrascosa","tag-maria-isabel-lazaro-duran","tag-monserrat-victoria-abumalham-mas","tag-pedro-Martinez-montavez","tag-villasante-ruiz-bravo"],"_links":{"self":[{"href":"https:\/\/www.deberes.net\/tesis\/wp-json\/wp\/v2\/posts\/33557","targetHints":{"allow":["GET"]}}],"collection":[{"href":"https:\/\/www.deberes.net\/tesis\/wp-json\/wp\/v2\/posts"}],"about":[{"href":"https:\/\/www.deberes.net\/tesis\/wp-json\/wp\/v2\/types\/post"}],"author":[{"embeddable":true,"href":"https:\/\/www.deberes.net\/tesis\/wp-json\/wp\/v2\/users\/1"}],"replies":[{"embeddable":true,"href":"https:\/\/www.deberes.net\/tesis\/wp-json\/wp\/v2\/comments?post=33557"}],"version-history":[{"count":0,"href":"https:\/\/www.deberes.net\/tesis\/wp-json\/wp\/v2\/posts\/33557\/revisions"}],"wp:attachment":[{"href":"https:\/\/www.deberes.net\/tesis\/wp-json\/wp\/v2\/media?parent=33557"}],"wp:term":[{"taxonomy":"category","embeddable":true,"href":"https:\/\/www.deberes.net\/tesis\/wp-json\/wp\/v2\/categories?post=33557"},{"taxonomy":"post_tag","embeddable":true,"href":"https:\/\/www.deberes.net\/tesis\/wp-json\/wp\/v2\/tags?post=33557"}],"curies":[{"name":"wp","href":"https:\/\/api.w.org\/{rel}","templated":true}]}}