{"id":33561,"date":"2018-03-09T09:30:45","date_gmt":"2018-03-09T09:30:45","guid":{"rendered":"https:\/\/www.deberes.net\/tesis\/sin-categoria\/el-acceso-al-ser-en-jaspers\/"},"modified":"2018-03-09T09:30:45","modified_gmt":"2018-03-09T09:30:45","slug":"el-acceso-al-ser-en-jaspers","status":"publish","type":"post","link":"https:\/\/www.deberes.net\/tesis\/filosofia\/el-acceso-al-ser-en-jaspers\/","title":{"rendered":"El acceso al ser en jaspers."},"content":{"rendered":"<h2>Tesis doctoral de <strong> Paula Patricia Arizpe Del Valle <\/strong><\/h2>\n<p>El ser para jaspers es comunicaci\u00f3n.  trata sobre el proceso comunicativo a distintos niveles.  desde sus inicios a trav\u00e9s del primer englobante como mundo (objetual) y su transformaci\u00f3n en trascendencia mediante sus relaciones con el segundo de los englobantes que es el sujeto que llega a convertirse en existencia plena o existenz por ese mismo proceso comunicativo. La relaci\u00f3n entre ambos se enriquece desde las diferentes perspectivas del objeto y la conquista de la libertad del sujeto uni\u00e9ndose en una totalidad absoluta que es el englobante de los englobantes o transcendencia.  concluye integrando ser, verdad y lenguaje en la trascendencia fincada en la praxis del hombre.<\/p>\n<p>&nbsp;<\/p>\n<h3>Datos acad\u00e9micos de la tesis doctoral \u00ab<strong>El acceso al ser en jaspers.<\/strong>\u00ab<\/h3>\n<ul>\n<li><strong>T\u00edtulo de la tesis:<\/strong>\u00a0 El acceso al ser en jaspers. <\/li>\n<li><strong>Autor:<\/strong>\u00a0 Paula Patricia Arizpe Del Valle <\/li>\n<li><strong>Universidad:<\/strong>\u00a0 Navarra<\/li>\n<li><strong>Fecha de lectura de la tesis:<\/strong>\u00a0 17\/12\/1997<\/li>\n<\/ul>\n<p>&nbsp;<\/p>\n<h3>Direcci\u00f3n y tribunal<\/h3>\n<ul>\n<li><strong>Director de la tesis<\/strong>\n<ul>\n<li>Luis Fernando M\u00fagica Martinena<\/li>\n<\/ul>\n<\/li>\n<li><strong>Tribunal<\/strong>\n<ul>\n<li>Presidente del tribunal: leonardo Polo barrena <\/li>\n<li>Rafael Alvira dominguez (vocal)<\/li>\n<li>modesto Berciano villalibre (vocal)<\/li>\n<li>Emilio Redondo garcia (vocal)<\/li>\n<\/ul>\n<\/li>\n<\/ul>\n<p>&nbsp;<\/p>\n","protected":false},"excerpt":{"rendered":"<p>Tesis doctoral de Paula Patricia Arizpe Del Valle El ser para jaspers es comunicaci\u00f3n. trata sobre el proceso comunicativo a [&hellip;]<\/p>\n","protected":false},"author":1,"featured_media":0,"comment_status":"open","ping_status":"open","sticky":false,"template":"","format":"standard","meta":{"site-sidebar-layout":"default","site-content-layout":"","ast-site-content-layout":"","site-content-style":"default","site-sidebar-style":"default","ast-global-header-display":"","ast-banner-title-visibility":"","ast-main-header-display":"","ast-hfb-above-header-display":"","ast-hfb-below-header-display":"","ast-hfb-mobile-header-display":"","site-post-title":"","ast-breadcrumbs-content":"","ast-featured-img":"","footer-sml-layout":"","theme-transparent-header-meta":"","adv-header-id-meta":"","stick-header-meta":"","header-above-stick-meta":"","header-main-stick-meta":"","header-below-stick-meta":"","astra-migrate-meta-layouts":"default","ast-page-background-enabled":"default","ast-page-background-meta":{"desktop":{"background-color":"var(--ast-global-color-4)","background-image":"","background-repeat":"repeat","background-position":"center center","background-size":"auto","background-attachment":"scroll","background-type":"","background-media":"","overlay-type":"","overlay-color":"","overlay-gradient":""},"tablet":{"background-color":"","background-image":"","background-repeat":"repeat","background-position":"center center","background-size":"auto","background-attachment":"scroll","background-type":"","background-media":"","overlay-type":"","overlay-color":"","overlay-gradient":""},"mobile":{"background-color":"","background-image":"","background-repeat":"repeat","background-position":"center center","background-size":"auto","background-attachment":"scroll","background-type":"","background-media":"","overlay-type":"","overlay-color":"","overlay-gradient":""}},"ast-content-background-meta":{"desktop":{"background-color":"var(--ast-global-color-5)","background-image":"","background-repeat":"repeat","background-position":"center center","background-size":"auto","background-attachment":"scroll","background-type":"","background-media":"","overlay-type":"","overlay-color":"","overlay-gradient":""},"tablet":{"background-color":"var(--ast-global-color-5)","background-image":"","background-repeat":"repeat","background-position":"center center","background-size":"auto","background-attachment":"scroll","background-type":"","background-media":"","overlay-type":"","overlay-color":"","overlay-gradient":""},"mobile":{"background-color":"var(--ast-global-color-5)","background-image":"","background-repeat":"repeat","background-position":"center center","background-size":"auto","background-attachment":"scroll","background-type":"","background-media":"","overlay-type":"","overlay-color":"","overlay-gradient":""}},"footnotes":""},"categories":[960,165,1059,17749],"tags":[171,17909,32071,9814,91450,17980],"class_list":["post-33561","post","type-post","status-publish","format-standard","hentry","category-antropologia-filosofica","category-filosofia","category-filosofia-de-la-accion","category-navarra","tag-emilio-redondo-garcia","tag-leonardo-polo-barrena","tag-luis-fernando-mugica-martinena","tag-modesto-berciano-villalibre","tag-paula-patricia-arizpe-del-valle","tag-rafael-alvira-dominguez"],"_links":{"self":[{"href":"https:\/\/www.deberes.net\/tesis\/wp-json\/wp\/v2\/posts\/33561","targetHints":{"allow":["GET"]}}],"collection":[{"href":"https:\/\/www.deberes.net\/tesis\/wp-json\/wp\/v2\/posts"}],"about":[{"href":"https:\/\/www.deberes.net\/tesis\/wp-json\/wp\/v2\/types\/post"}],"author":[{"embeddable":true,"href":"https:\/\/www.deberes.net\/tesis\/wp-json\/wp\/v2\/users\/1"}],"replies":[{"embeddable":true,"href":"https:\/\/www.deberes.net\/tesis\/wp-json\/wp\/v2\/comments?post=33561"}],"version-history":[{"count":0,"href":"https:\/\/www.deberes.net\/tesis\/wp-json\/wp\/v2\/posts\/33561\/revisions"}],"wp:attachment":[{"href":"https:\/\/www.deberes.net\/tesis\/wp-json\/wp\/v2\/media?parent=33561"}],"wp:term":[{"taxonomy":"category","embeddable":true,"href":"https:\/\/www.deberes.net\/tesis\/wp-json\/wp\/v2\/categories?post=33561"},{"taxonomy":"post_tag","embeddable":true,"href":"https:\/\/www.deberes.net\/tesis\/wp-json\/wp\/v2\/tags?post=33561"}],"curies":[{"name":"wp","href":"https:\/\/api.w.org\/{rel}","templated":true}]}}