{"id":33563,"date":"2018-03-09T09:30:45","date_gmt":"2018-03-09T09:30:45","guid":{"rendered":"https:\/\/www.deberes.net\/tesis\/sin-categoria\/el-catalanismo-politico-en-la-comarca-del-bages-leonci-soler-i-march-1858-1932\/"},"modified":"2018-03-09T09:30:45","modified_gmt":"2018-03-09T09:30:45","slug":"el-catalanismo-politico-en-la-comarca-del-bages-leonci-soler-i-march-1858-1932","status":"publish","type":"post","link":"https:\/\/www.deberes.net\/tesis\/historia\/el-catalanismo-politico-en-la-comarca-del-bages-leonci-soler-i-march-1858-1932\/","title":{"rendered":"El catalanismo politico en la comarca del bages. leonci soler i march (1858- 1932)."},"content":{"rendered":"<h2>Tesis doctoral de <strong> Pilar Martinez Ascaso <\/strong><\/h2>\n<p>Estudio biogr\u00e1fico del pol\u00edtico catalanista leonci soler i march.  la prolongada actividad de este personaje es un hilo conductor que nos ayuda a conocer la acci\u00f3n de los primeros representantes del catalanismo en las cortes, y su participaci\u00f3n activa en la pol\u00edtica a nivel estatal.  los trabajos de estos pol\u00edticos se desarrollar\u00e1n en dos frentes: el entorno geogr\u00e1fico propio -es decir, catalu\u00f1a-, y el parlamento espa\u00f1ol. En el primer frente, el objetivo que asumen estas personas es, por una parte, romper el dominio de los partidos din\u00e1sticos; y eliminar las tramas y los procedimientos del caciquismo imperante.  por otra, conseguir que se incorporen al catalanismo el m\u00e1ximo n\u00famero de personas, y por tanto de votantes.  en el otro frente, el parlamento espa\u00f1ol, trataran de dar a conocer la realidad de una catalu\u00f1a diferente, en aspectos relevantes, al resto del estado. Intentaran tambi\u00e9n que estas diferencias sean reconocidas y aceptadas.  la figura paradigm\u00e1tica del pol\u00edtico catalanista, leonci soler, es un elemento presente en este periodo de comienzos del siglo xx, y su acci\u00f3n facilita el conocimiento de la \u00e9poca.<\/p>\n<p>&nbsp;<\/p>\n<h3>Datos acad\u00e9micos de la tesis doctoral \u00ab<strong>El catalanismo politico en la comarca del bages. leonci soler i march (1858- 1932).<\/strong>\u00ab<\/h3>\n<ul>\n<li><strong>T\u00edtulo de la tesis:<\/strong>\u00a0 El catalanismo politico en la comarca del bages. leonci soler i march (1858- 1932). <\/li>\n<li><strong>Autor:<\/strong>\u00a0 Pilar Martinez Ascaso <\/li>\n<li><strong>Universidad:<\/strong>\u00a0 Barcelona<\/li>\n<li><strong>Fecha de lectura de la tesis:<\/strong>\u00a0 18\/12\/1997<\/li>\n<\/ul>\n<p>&nbsp;<\/p>\n<h3>Direcci\u00f3n y tribunal<\/h3>\n<ul>\n<li><strong>Director de la tesis<\/strong>\n<ul>\n<li>Emili Giralt Raventos<\/li>\n<\/ul>\n<\/li>\n<li><strong>Tribunal<\/strong>\n<ul>\n<li>Presidente del tribunal: Carlos Seco serrano <\/li>\n<li>jordi Casassas ymbert (vocal)<\/li>\n<li>joan b Culla clar\u00e1 (vocal)<\/li>\n<li>isidre Molas batllori (vocal)<\/li>\n<\/ul>\n<\/li>\n<\/ul>\n<p>&nbsp;<\/p>\n","protected":false},"excerpt":{"rendered":"<p>Tesis doctoral de Pilar Martinez Ascaso Estudio biogr\u00e1fico del pol\u00edtico catalanista leonci soler i march. la prolongada actividad de este [&hellip;]<\/p>\n","protected":false},"author":1,"featured_media":0,"comment_status":"open","ping_status":"open","sticky":false,"template":"","format":"standard","meta":{"site-sidebar-layout":"default","site-content-layout":"","ast-site-content-layout":"","site-content-style":"default","site-sidebar-style":"default","ast-global-header-display":"","ast-banner-title-visibility":"","ast-main-header-display":"","ast-hfb-above-header-display":"","ast-hfb-below-header-display":"","ast-hfb-mobile-header-display":"","site-post-title":"","ast-breadcrumbs-content":"","ast-featured-img":"","footer-sml-layout":"","theme-transparent-header-meta":"","adv-header-id-meta":"","stick-header-meta":"","header-above-stick-meta":"","header-main-stick-meta":"","header-below-stick-meta":"","astra-migrate-meta-layouts":"default","ast-page-background-enabled":"default","ast-page-background-meta":{"desktop":{"background-color":"var(--ast-global-color-4)","background-image":"","background-repeat":"repeat","background-position":"center center","background-size":"auto","background-attachment":"scroll","background-type":"","background-media":"","overlay-type":"","overlay-color":"","overlay-gradient":""},"tablet":{"background-color":"","background-image":"","background-repeat":"repeat","background-position":"center center","background-size":"auto","background-attachment":"scroll","background-type":"","background-media":"","overlay-type":"","overlay-color":"","overlay-gradient":""},"mobile":{"background-color":"","background-image":"","background-repeat":"repeat","background-position":"center center","background-size":"auto","background-attachment":"scroll","background-type":"","background-media":"","overlay-type":"","overlay-color":"","overlay-gradient":""}},"ast-content-background-meta":{"desktop":{"background-color":"var(--ast-global-color-5)","background-image":"","background-repeat":"repeat","background-position":"center center","background-size":"auto","background-attachment":"scroll","background-type":"","background-media":"","overlay-type":"","overlay-color":"","overlay-gradient":""},"tablet":{"background-color":"var(--ast-global-color-5)","background-image":"","background-repeat":"repeat","background-position":"center center","background-size":"auto","background-attachment":"scroll","background-type":"","background-media":"","overlay-type":"","overlay-color":"","overlay-gradient":""},"mobile":{"background-color":"var(--ast-global-color-5)","background-image":"","background-repeat":"repeat","background-position":"center center","background-size":"auto","background-attachment":"scroll","background-type":"","background-media":"","overlay-type":"","overlay-color":"","overlay-gradient":""}},"footnotes":""},"categories":[951,104,3538,220,222],"tags":[376,66,1025,20310,19127,91452],"class_list":["post-33563","post","type-post","status-publish","format-standard","hentry","category-barcelona","category-historia","category-historia-de-las-ideas-politicas","category-historia-por-epocas","category-historias-especializadas","tag-carlos-seco-serrano","tag-emili-giralt-raventos","tag-isidre-molas-batllori","tag-joan-b-culla-clara","tag-jordi-casassas-ymbert","tag-pilar-Martinez-ascaso"],"_links":{"self":[{"href":"https:\/\/www.deberes.net\/tesis\/wp-json\/wp\/v2\/posts\/33563","targetHints":{"allow":["GET"]}}],"collection":[{"href":"https:\/\/www.deberes.net\/tesis\/wp-json\/wp\/v2\/posts"}],"about":[{"href":"https:\/\/www.deberes.net\/tesis\/wp-json\/wp\/v2\/types\/post"}],"author":[{"embeddable":true,"href":"https:\/\/www.deberes.net\/tesis\/wp-json\/wp\/v2\/users\/1"}],"replies":[{"embeddable":true,"href":"https:\/\/www.deberes.net\/tesis\/wp-json\/wp\/v2\/comments?post=33563"}],"version-history":[{"count":0,"href":"https:\/\/www.deberes.net\/tesis\/wp-json\/wp\/v2\/posts\/33563\/revisions"}],"wp:attachment":[{"href":"https:\/\/www.deberes.net\/tesis\/wp-json\/wp\/v2\/media?parent=33563"}],"wp:term":[{"taxonomy":"category","embeddable":true,"href":"https:\/\/www.deberes.net\/tesis\/wp-json\/wp\/v2\/categories?post=33563"},{"taxonomy":"post_tag","embeddable":true,"href":"https:\/\/www.deberes.net\/tesis\/wp-json\/wp\/v2\/tags?post=33563"}],"curies":[{"name":"wp","href":"https:\/\/api.w.org\/{rel}","templated":true}]}}