{"id":33578,"date":"2018-03-09T09:30:46","date_gmt":"2018-03-09T09:30:46","guid":{"rendered":"https:\/\/www.deberes.net\/tesis\/sin-categoria\/regulacion-electrica-en-espana-pasado-presente-y-futuro\/"},"modified":"2018-03-09T09:30:46","modified_gmt":"2018-03-09T09:30:46","slug":"regulacion-electrica-en-espana-pasado-presente-y-futuro","status":"publish","type":"post","link":"https:\/\/www.deberes.net\/tesis\/ciencias-juridicas-y-derecho\/regulacion-electrica-en-espana-pasado-presente-y-futuro\/","title":{"rendered":"Regulacion electrica en espa\u00f1a. pasado, presente y futuro."},"content":{"rendered":"<h2>Tesis doctoral de <strong> Lucia Lopez De Castro Garcia Morato <\/strong><\/h2>\n<p>La regulacion del sector electrico es un area nueva del derecho publico que est\u00e1 siendo objeto de una transformaci\u00f3n profunda. Por ello, la presente tesis doctoral analiza las lineas de evolucion de la configuracion juridica del sector electrico en sus aspectos basicos: concepto de servicio publico, t\u00e9cnicas de organizacion y gestion, y modelo de regulacion. De esta forma, si bien el sector electrico siempre ser\u00e1 un sector regulado, se detectan por todo el mundo dos configuraciones jur\u00eddicas basicas: por una parte, el modelo \u00abindustrial\u00bb, regulado y cerrado, vigente en espa\u00f1a con diversas manifestaciones entre 1944 y 1996, y que es un modelo que desde los a\u00f1os 70 se muestra resistente a la reforma. Por otra parte, el modelo de competencia regulada, abierto, que se adopta en espa\u00f1a con la presentaci\u00f3n del proyecto de ley del sector el\u00e9ctrico en junio de 1997, se caracteriza por un nuevo sentido y alcance de la \u00abregulaci\u00f3n para la competencia\u00bb, rompiendo plenamente con las categorias tradicionales del derecho administrativo que hoy son inadecuadas para la realidad econ\u00f3mica y tecnica del sector.<\/p>\n<p>&nbsp;<\/p>\n<h3>Datos acad\u00e9micos de la tesis doctoral \u00ab<strong>Regulacion electrica en espa\u00f1a. pasado, presente y futuro.<\/strong>\u00ab<\/h3>\n<ul>\n<li><strong>T\u00edtulo de la tesis:<\/strong>\u00a0 Regulacion electrica en espa\u00f1a. pasado, presente y futuro. <\/li>\n<li><strong>Autor:<\/strong>\u00a0 Lucia Lopez De Castro Garcia Morato <\/li>\n<li><strong>Universidad:<\/strong>\u00a0 Aut\u00f3noma de Madrid<\/li>\n<li><strong>Fecha de lectura de la tesis:<\/strong>\u00a0 18\/12\/1997<\/li>\n<\/ul>\n<p>&nbsp;<\/p>\n<h3>Direcci\u00f3n y tribunal<\/h3>\n<ul>\n<li><strong>Director de la tesis<\/strong>\n<ul>\n<li>Gaspar Ari\u00f1o Ortiz<\/li>\n<\/ul>\n<\/li>\n<li><strong>Tribunal<\/strong>\n<ul>\n<li>Presidente del tribunal: Jos\u00e9 Luis Meilan gil <\/li>\n<li>\u00e1ngel Men\u00e9ndez rexach (vocal)<\/li>\n<li>alfredo Gallego anabitarte (vocal)<\/li>\n<li>Jos\u00e9 Luis Martinez l\u00f3pez mu\u00f1iz (vocal)<\/li>\n<\/ul>\n<\/li>\n<\/ul>\n<p>&nbsp;<\/p>\n","protected":false},"excerpt":{"rendered":"<p>Tesis doctoral de Lucia Lopez De Castro Garcia Morato La regulacion del sector electrico es un area nueva del derecho [&hellip;]<\/p>\n","protected":false},"author":1,"featured_media":0,"comment_status":"open","ping_status":"open","sticky":false,"template":"","format":"standard","meta":{"site-sidebar-layout":"default","site-content-layout":"","ast-site-content-layout":"","site-content-style":"default","site-sidebar-style":"default","ast-global-header-display":"","ast-banner-title-visibility":"","ast-main-header-display":"","ast-hfb-above-header-display":"","ast-hfb-below-header-display":"","ast-hfb-mobile-header-display":"","site-post-title":"","ast-breadcrumbs-content":"","ast-featured-img":"","footer-sml-layout":"","theme-transparent-header-meta":"","adv-header-id-meta":"","stick-header-meta":"","header-above-stick-meta":"","header-main-stick-meta":"","header-below-stick-meta":"","astra-migrate-meta-layouts":"default","ast-page-background-enabled":"default","ast-page-background-meta":{"desktop":{"background-color":"var(--ast-global-color-4)","background-image":"","background-repeat":"repeat","background-position":"center center","background-size":"auto","background-attachment":"scroll","background-type":"","background-media":"","overlay-type":"","overlay-color":"","overlay-gradient":""},"tablet":{"background-color":"","background-image":"","background-repeat":"repeat","background-position":"center center","background-size":"auto","background-attachment":"scroll","background-type":"","background-media":"","overlay-type":"","overlay-color":"","overlay-gradient":""},"mobile":{"background-color":"","background-image":"","background-repeat":"repeat","background-position":"center center","background-size":"auto","background-attachment":"scroll","background-type":"","background-media":"","overlay-type":"","overlay-color":"","overlay-gradient":""}},"ast-content-background-meta":{"desktop":{"background-color":"var(--ast-global-color-5)","background-image":"","background-repeat":"repeat","background-position":"center center","background-size":"auto","background-attachment":"scroll","background-type":"","background-media":"","overlay-type":"","overlay-color":"","overlay-gradient":""},"tablet":{"background-color":"var(--ast-global-color-5)","background-image":"","background-repeat":"repeat","background-position":"center center","background-size":"auto","background-attachment":"scroll","background-type":"","background-media":"","overlay-type":"","overlay-color":"","overlay-gradient":""},"mobile":{"background-color":"var(--ast-global-color-5)","background-image":"","background-repeat":"repeat","background-position":"center center","background-size":"auto","background-attachment":"scroll","background-type":"","background-media":"","overlay-type":"","overlay-color":"","overlay-gradient":""}},"footnotes":""},"categories":[612,1442,979],"tags":[14617,14619,4900,10200,11039,91479],"class_list":["post-33578","post","type-post","status-publish","format-standard","hentry","category-ciencias-juridicas-y-derecho","category-derecho-administrativo","category-derecho-y-legislacion-nacionales","tag-alfredo-gallego-anabitarte","tag-angel-menendez-rexach","tag-gaspar-arino-ortiz","tag-jose-luis-Martinez-lopez-muniz","tag-jose-luis-meilan-gil","tag-lucia-lopez-de-castro-garcia-morato"],"_links":{"self":[{"href":"https:\/\/www.deberes.net\/tesis\/wp-json\/wp\/v2\/posts\/33578","targetHints":{"allow":["GET"]}}],"collection":[{"href":"https:\/\/www.deberes.net\/tesis\/wp-json\/wp\/v2\/posts"}],"about":[{"href":"https:\/\/www.deberes.net\/tesis\/wp-json\/wp\/v2\/types\/post"}],"author":[{"embeddable":true,"href":"https:\/\/www.deberes.net\/tesis\/wp-json\/wp\/v2\/users\/1"}],"replies":[{"embeddable":true,"href":"https:\/\/www.deberes.net\/tesis\/wp-json\/wp\/v2\/comments?post=33578"}],"version-history":[{"count":0,"href":"https:\/\/www.deberes.net\/tesis\/wp-json\/wp\/v2\/posts\/33578\/revisions"}],"wp:attachment":[{"href":"https:\/\/www.deberes.net\/tesis\/wp-json\/wp\/v2\/media?parent=33578"}],"wp:term":[{"taxonomy":"category","embeddable":true,"href":"https:\/\/www.deberes.net\/tesis\/wp-json\/wp\/v2\/categories?post=33578"},{"taxonomy":"post_tag","embeddable":true,"href":"https:\/\/www.deberes.net\/tesis\/wp-json\/wp\/v2\/tags?post=33578"}],"curies":[{"name":"wp","href":"https:\/\/api.w.org\/{rel}","templated":true}]}}