{"id":33596,"date":"2018-03-09T09:30:48","date_gmt":"2018-03-09T09:30:48","guid":{"rendered":"https:\/\/www.deberes.net\/tesis\/sin-categoria\/el-curriculum-para-la-formacion-profesional-de-la-escala-basica-del-cuerpo-nacional-de-policia\/"},"modified":"2018-03-09T09:30:48","modified_gmt":"2018-03-09T09:30:48","slug":"el-curriculum-para-la-formacion-profesional-de-la-escala-basica-del-cuerpo-nacional-de-policia","status":"publish","type":"post","link":"https:\/\/www.deberes.net\/tesis\/psicologia\/el-curriculum-para-la-formacion-profesional-de-la-escala-basica-del-cuerpo-nacional-de-policia\/","title":{"rendered":"El curriculum para la formacion profesional de la escala basica del cuerpo nacional de policia."},"content":{"rendered":"<h2>Tesis doctoral de <strong> Carlos Canelo Barrado <\/strong><\/h2>\n<p>El contenido de la tesis pretende configurar un modelo policial de servicio, a trav\u00e9s de un curriculum cuyas dimensiones y contenidos son determinados mediante una investigaci\u00f3n experimental.  el curriculum, con estructura modular orientada a la formaci\u00f3n profesional del polic\u00eda, se encuadra en un marco hist\u00f3rico definido por determinaciones pol\u00edticas, sociales, ideol\u00f3gicas, con entidad suficiente para ser considerado un subsistema educativo policial con participaci\u00f3n en los sistemas educativo y de seguridad del estado. El marco hist\u00f3rico referido hace especial alusi\u00f3n a las vicisitudes que rodearon el nacimiento del actual modelo policial al servicio de la democracia y que supuso la ruptura con el modelo precedente y el inicio de la formaci\u00f3n en avila.  se hace un an\u00e1lisis de las corrientes europeas en formaci\u00f3n policial, en las que predomina un tono vitalista, pragm\u00e1tico y orientado a la resoluci\u00f3n de problemas. Se consideran a su vez, las demandas, opiniones y quejas de los ciudadanos, reflejando un modelo comprometido con la sociedad y con la sensibilidad colectiva en temas de seguridad.  se toman referencias de la formaci\u00f3n actual que reciben los polic\u00edas y se hace un estudio experimental sobre la dedicaci\u00f3n de los profesores del centro de formaci\u00f3n, para desvelar la complejidad de las tareas de la docencia policial cuanto la posible influencia y efectos en la transmisi\u00f3n de valores de la organizaci\u00f3n policial a las futuras promociones.  partiendo de un an\u00e1lisis de tareas del polic\u00eda, se realiza otra investigaci\u00f3n experimental sobre la idoneidad y eficacia demostrada por los polic\u00edas en el ejercicio de dichas tareas, determin\u00e1ndose mediante an\u00e1lisis factorial el perfil profesional del polic\u00eda y las correspondencias curriculares traducidas a unidades de competencias. Tambi\u00e9n se determina el profesiograma, a partir del an\u00e1lisis de la frecuencia de las tareas.  en resumen se logra determinar u<\/p>\n<p>&nbsp;<\/p>\n<h3>Datos acad\u00e9micos de la tesis doctoral \u00ab<strong>El curriculum para la formacion profesional de la escala basica del cuerpo nacional de policia.<\/strong>\u00ab<\/h3>\n<ul>\n<li><strong>T\u00edtulo de la tesis:<\/strong>\u00a0 El curriculum para la formacion profesional de la escala basica del cuerpo nacional de policia. <\/li>\n<li><strong>Autor:<\/strong>\u00a0 Carlos Canelo Barrado <\/li>\n<li><strong>Universidad:<\/strong>\u00a0 Salamanca<\/li>\n<li><strong>Fecha de lectura de la tesis:<\/strong>\u00a0 19\/12\/1997<\/li>\n<\/ul>\n<p>&nbsp;<\/p>\n<h3>Direcci\u00f3n y tribunal<\/h3>\n<ul>\n<li><strong>Director de la tesis<\/strong>\n<ul>\n<li>Jos\u00e9 Luis Rodriguez Dieguez<\/li>\n<\/ul>\n<\/li>\n<li><strong>Tribunal<\/strong>\n<ul>\n<li>Presidente del tribunal: ram\u00f3n Ardanuy albajar <\/li>\n<li>carmelo Luis l\u00f3pez (vocal)<\/li>\n<li>Francisco Javier Tejedor tejedor (vocal)<\/li>\n<li>florentino Sanz fernandez (vocal)<\/li>\n<\/ul>\n<\/li>\n<\/ul>\n<p>&nbsp;<\/p>\n","protected":false},"excerpt":{"rendered":"<p>Tesis doctoral de Carlos Canelo Barrado El contenido de la tesis pretende configurar un modelo policial de servicio, a trav\u00e9s [&hellip;]<\/p>\n","protected":false},"author":1,"featured_media":0,"comment_status":"open","ping_status":"open","sticky":false,"template":"","format":"standard","meta":{"site-sidebar-layout":"default","site-content-layout":"","ast-site-content-layout":"","site-content-style":"default","site-sidebar-style":"default","ast-global-header-display":"","ast-banner-title-visibility":"","ast-main-header-display":"","ast-hfb-above-header-display":"","ast-hfb-below-header-display":"","ast-hfb-mobile-header-display":"","site-post-title":"","ast-breadcrumbs-content":"","ast-featured-img":"","footer-sml-layout":"","theme-transparent-header-meta":"","adv-header-id-meta":"","stick-header-meta":"","header-above-stick-meta":"","header-main-stick-meta":"","header-below-stick-meta":"","astra-migrate-meta-layouts":"default","ast-page-background-enabled":"default","ast-page-background-meta":{"desktop":{"background-color":"var(--ast-global-color-4)","background-image":"","background-repeat":"repeat","background-position":"center center","background-size":"auto","background-attachment":"scroll","background-type":"","background-media":"","overlay-type":"","overlay-color":"","overlay-gradient":""},"tablet":{"background-color":"","background-image":"","background-repeat":"repeat","background-position":"center center","background-size":"auto","background-attachment":"scroll","background-type":"","background-media":"","overlay-type":"","overlay-color":"","overlay-gradient":""},"mobile":{"background-color":"","background-image":"","background-repeat":"repeat","background-position":"center center","background-size":"auto","background-attachment":"scroll","background-type":"","background-media":"","overlay-type":"","overlay-color":"","overlay-gradient":""}},"ast-content-background-meta":{"desktop":{"background-color":"var(--ast-global-color-5)","background-image":"","background-repeat":"repeat","background-position":"center center","background-size":"auto","background-attachment":"scroll","background-type":"","background-media":"","overlay-type":"","overlay-color":"","overlay-gradient":""},"tablet":{"background-color":"var(--ast-global-color-5)","background-image":"","background-repeat":"repeat","background-position":"center center","background-size":"auto","background-attachment":"scroll","background-type":"","background-media":"","overlay-type":"","overlay-color":"","overlay-gradient":""},"mobile":{"background-color":"var(--ast-global-color-5)","background-image":"","background-repeat":"repeat","background-position":"center center","background-size":"auto","background-attachment":"scroll","background-type":"","background-media":"","overlay-type":"","overlay-color":"","overlay-gradient":""}},"footnotes":""},"categories":[1184,1141,324,5174,9386],"tags":[91508,52298,7698,9828,9576,4034],"class_list":["post-33596","post","type-post","status-publish","format-standard","hentry","category-organizacion-y-planificacion-de-la-educacion","category-pedagogia","category-psicologia","category-psicopedagogia","category-salamanca","tag-carlos-canelo-barrado","tag-carmelo-luis-lopez","tag-florentino-sanz-fernandez","tag-francisco-javier-tejedor-tejedor","tag-jose-luis-rodriguez-dieguez","tag-ramon-ardanuy-albajar"],"_links":{"self":[{"href":"https:\/\/www.deberes.net\/tesis\/wp-json\/wp\/v2\/posts\/33596","targetHints":{"allow":["GET"]}}],"collection":[{"href":"https:\/\/www.deberes.net\/tesis\/wp-json\/wp\/v2\/posts"}],"about":[{"href":"https:\/\/www.deberes.net\/tesis\/wp-json\/wp\/v2\/types\/post"}],"author":[{"embeddable":true,"href":"https:\/\/www.deberes.net\/tesis\/wp-json\/wp\/v2\/users\/1"}],"replies":[{"embeddable":true,"href":"https:\/\/www.deberes.net\/tesis\/wp-json\/wp\/v2\/comments?post=33596"}],"version-history":[{"count":0,"href":"https:\/\/www.deberes.net\/tesis\/wp-json\/wp\/v2\/posts\/33596\/revisions"}],"wp:attachment":[{"href":"https:\/\/www.deberes.net\/tesis\/wp-json\/wp\/v2\/media?parent=33596"}],"wp:term":[{"taxonomy":"category","embeddable":true,"href":"https:\/\/www.deberes.net\/tesis\/wp-json\/wp\/v2\/categories?post=33596"},{"taxonomy":"post_tag","embeddable":true,"href":"https:\/\/www.deberes.net\/tesis\/wp-json\/wp\/v2\/tags?post=33596"}],"curies":[{"name":"wp","href":"https:\/\/api.w.org\/{rel}","templated":true}]}}