{"id":33613,"date":"2018-03-09T09:30:50","date_gmt":"2018-03-09T09:30:50","guid":{"rendered":"https:\/\/www.deberes.net\/tesis\/sin-categoria\/el-carlismo-navarro-durante-el-primer-franquismo-1937-1951\/"},"modified":"2018-03-09T09:30:50","modified_gmt":"2018-03-09T09:30:50","slug":"el-carlismo-navarro-durante-el-primer-franquismo-1937-1951","status":"publish","type":"post","link":"https:\/\/www.deberes.net\/tesis\/historia\/el-carlismo-navarro-durante-el-primer-franquismo-1937-1951\/","title":{"rendered":"El carlismo navarro durante el primer franquismo: 1937-1951."},"content":{"rendered":"<h2>Tesis doctoral de <strong> Aurora Villanueva Martinez <\/strong><\/h2>\n<p>Alejada del poder y reducida, desde el decreto de unificaci\u00f3n pol\u00edtica de 1937, a posiciones de semiclandestinidad, la comuni\u00f3n tradicionalista emprendi\u00f3, tras la guerra civil y bajo la direcci\u00f3n de sus autoridades nacionales, una lucha por su supervivencia como organizaci\u00f3n pol\u00edtica independiente frente a los intentos de absorci\u00f3n representados por el r\u00e9gimen franquista y por el monarquismo juanista. Una voluntad de defensa de su personalidad pol\u00edtica que le llev\u00f3 a adoptar una t\u00e1ctica de resistencia que acab\u00f3 paralizando tanto su actividad externa como interna.  dicha postura de inhibici\u00f3n pol\u00edtica, sin embargo, resultaba dif\u00edcil de aceptar en regiones como navarra, donde el carlismo se ve\u00eda obligado a defender las posiciones conquistadas de antiguo en la vida pol\u00edtica provincial, en cuya configuraci\u00f3n tanto ten\u00eda que ver.  fruto de esa colisi\u00f3n de intereses y sensibilidades fue el abandono paulatino de la comuni\u00f3n de las antiguas autoridades provinciales, que sumi\u00f3 al partido carlista navarro en una crisis de liderazgo y desintegraci\u00f3n org\u00e1nica que provocaron su casi desaparici\u00f3n.<\/p>\n<p>&nbsp;<\/p>\n<h3>Datos acad\u00e9micos de la tesis doctoral \u00ab<strong>El carlismo navarro durante el primer franquismo: 1937-1951.<\/strong>\u00ab<\/h3>\n<ul>\n<li><strong>T\u00edtulo de la tesis:<\/strong>\u00a0 El carlismo navarro durante el primer franquismo: 1937-1951. <\/li>\n<li><strong>Autor:<\/strong>\u00a0 Aurora Villanueva Martinez <\/li>\n<li><strong>Universidad:<\/strong>\u00a0 Navarra<\/li>\n<li><strong>Fecha de lectura de la tesis:<\/strong>\u00a0 19\/12\/1997<\/li>\n<\/ul>\n<p>&nbsp;<\/p>\n<h3>Direcci\u00f3n y tribunal<\/h3>\n<ul>\n<li><strong>Director de la tesis<\/strong>\n<ul>\n<li>Ignacio Olabarri Gortazar<\/li>\n<\/ul>\n<\/li>\n<li><strong>Tribunal<\/strong>\n<ul>\n<li>Presidente del tribunal: octavio Ruiz-manj\u00f3n cabeza <\/li>\n<li>\u00e1lvaro Ferrary ojeda (vocal)<\/li>\n<li>Fernando Sanchez marrollo (vocal)<\/li>\n<li>Santiago de Pablo contreras (vocal)<\/li>\n<\/ul>\n<\/li>\n<\/ul>\n<p>&nbsp;<\/p>\n","protected":false},"excerpt":{"rendered":"<p>Tesis doctoral de Aurora Villanueva Martinez Alejada del poder y reducida, desde el decreto de unificaci\u00f3n pol\u00edtica de 1937, a [&hellip;]<\/p>\n","protected":false},"author":1,"featured_media":0,"comment_status":"open","ping_status":"open","sticky":false,"template":"","format":"standard","meta":{"site-sidebar-layout":"default","site-content-layout":"","ast-site-content-layout":"","site-content-style":"default","site-sidebar-style":"default","ast-global-header-display":"","ast-banner-title-visibility":"","ast-main-header-display":"","ast-hfb-above-header-display":"","ast-hfb-below-header-display":"","ast-hfb-mobile-header-display":"","site-post-title":"","ast-breadcrumbs-content":"","ast-featured-img":"","footer-sml-layout":"","theme-transparent-header-meta":"","adv-header-id-meta":"","stick-header-meta":"","header-above-stick-meta":"","header-main-stick-meta":"","header-below-stick-meta":"","astra-migrate-meta-layouts":"default","ast-page-background-enabled":"default","ast-page-background-meta":{"desktop":{"background-color":"var(--ast-global-color-4)","background-image":"","background-repeat":"repeat","background-position":"center center","background-size":"auto","background-attachment":"scroll","background-type":"","background-media":"","overlay-type":"","overlay-color":"","overlay-gradient":""},"tablet":{"background-color":"","background-image":"","background-repeat":"repeat","background-position":"center center","background-size":"auto","background-attachment":"scroll","background-type":"","background-media":"","overlay-type":"","overlay-color":"","overlay-gradient":""},"mobile":{"background-color":"","background-image":"","background-repeat":"repeat","background-position":"center center","background-size":"auto","background-attachment":"scroll","background-type":"","background-media":"","overlay-type":"","overlay-color":"","overlay-gradient":""}},"ast-content-background-meta":{"desktop":{"background-color":"var(--ast-global-color-5)","background-image":"","background-repeat":"repeat","background-position":"center center","background-size":"auto","background-attachment":"scroll","background-type":"","background-media":"","overlay-type":"","overlay-color":"","overlay-gradient":""},"tablet":{"background-color":"var(--ast-global-color-5)","background-image":"","background-repeat":"repeat","background-position":"center center","background-size":"auto","background-attachment":"scroll","background-type":"","background-media":"","overlay-type":"","overlay-color":"","overlay-gradient":""},"mobile":{"background-color":"var(--ast-global-color-5)","background-image":"","background-repeat":"repeat","background-position":"center center","background-size":"auto","background-attachment":"scroll","background-type":"","background-media":"","overlay-type":"","overlay-color":"","overlay-gradient":""}},"footnotes":""},"categories":[104,3538,220,222,17749],"tags":[49793,91541,91542,18067,6900,23283],"class_list":["post-33613","post","type-post","status-publish","format-standard","hentry","category-historia","category-historia-de-las-ideas-politicas","category-historia-por-epocas","category-historias-especializadas","category-navarra","tag-alvaro-ferrary-ojeda","tag-aurora-villanueva-Martinez","tag-fernando-sanchez-marrollo","tag-ignacio-olabarri-gortazar","tag-octavio-ruiz-manjon-cabeza","tag-santiago-de-pablo-contreras"],"_links":{"self":[{"href":"https:\/\/www.deberes.net\/tesis\/wp-json\/wp\/v2\/posts\/33613","targetHints":{"allow":["GET"]}}],"collection":[{"href":"https:\/\/www.deberes.net\/tesis\/wp-json\/wp\/v2\/posts"}],"about":[{"href":"https:\/\/www.deberes.net\/tesis\/wp-json\/wp\/v2\/types\/post"}],"author":[{"embeddable":true,"href":"https:\/\/www.deberes.net\/tesis\/wp-json\/wp\/v2\/users\/1"}],"replies":[{"embeddable":true,"href":"https:\/\/www.deberes.net\/tesis\/wp-json\/wp\/v2\/comments?post=33613"}],"version-history":[{"count":0,"href":"https:\/\/www.deberes.net\/tesis\/wp-json\/wp\/v2\/posts\/33613\/revisions"}],"wp:attachment":[{"href":"https:\/\/www.deberes.net\/tesis\/wp-json\/wp\/v2\/media?parent=33613"}],"wp:term":[{"taxonomy":"category","embeddable":true,"href":"https:\/\/www.deberes.net\/tesis\/wp-json\/wp\/v2\/categories?post=33613"},{"taxonomy":"post_tag","embeddable":true,"href":"https:\/\/www.deberes.net\/tesis\/wp-json\/wp\/v2\/tags?post=33613"}],"curies":[{"name":"wp","href":"https:\/\/api.w.org\/{rel}","templated":true}]}}