{"id":33640,"date":"1998-01-01T00:00:00","date_gmt":"1998-01-01T00:00:00","guid":{"rendered":"https:\/\/www.deberes.net\/tesis\/sin-categoria\/iglesia-y-sociedad-en-una-villa-valenciana-alcoi-1300-1845\/"},"modified":"1998-01-01T00:00:00","modified_gmt":"1998-01-01T00:00:00","slug":"iglesia-y-sociedad-en-una-villa-valenciana-alcoi-1300-1845","status":"publish","type":"post","link":"https:\/\/www.deberes.net\/tesis\/historia\/iglesia-y-sociedad-en-una-villa-valenciana-alcoi-1300-1845\/","title":{"rendered":"Iglesia y sociedad en una villa Valenciana: alcoi, 1300-1845."},"content":{"rendered":"<h2>Tesis doctoral de <strong> Jos\u00e9 Luis Santonja Cardona <\/strong><\/h2>\n<p>Nuestro trabajo de investigaci\u00f3n, dentro del esquema de la iglesia y la sociedad en alcoi, se ha desarrollado sobre seis grandes bloques tem\u00e1ticos, cuya continuidad se prolonga desde finales del siglo xiii hasta la \u00e9poca de la desamortizaci\u00f3n eclesi\u00e1stica (1836-1845). Un primer bloque est\u00e1 dedicado a la sociedad civil, destacando aquellos aspectos que quedaban bajo la esfera de lo religioso: minor\u00edas religiosas (mud\u00e9jares, jud\u00edos, conversos), el control de las costumbres (prostituci\u00f3n y juego, por ejemplo). Otro bloque tem\u00e1tico lo hemos centrado en el tema de la religiosidad en relaci\u00f3n con el medio natural, es decir, c\u00f3mo recurr\u00eda la iglesia para tratar de prestar protecci\u00f3n \u00abdivina\u00bb contra las epidemias, las plagas, los se\u00edsmos y los desastres clim\u00e1ticos. Otra secci\u00f3n est\u00e1 centrada en el estudio de la evoluci\u00f3n de las festividades religiosas, analizando su origen y desarrollo as\u00ed como la desaparici\u00f3n de muchas de ellas por los cambios en la mentalidad religiosa. Otro bloque corresponde a los servicios que pod\u00edan hallarse en una t\u00edpica organizaci\u00f3n municipal, como la ense\u00f1anza y la asistencia sanitaria y ben\u00e9fica. Otra secci\u00f3n est\u00e1 dedicada a la historia de las diversas congregaciones religiosas de alcoi.<\/p>\n<p>&nbsp;<\/p>\n<h3>Datos acad\u00e9micos de la tesis doctoral \u00ab<strong>Iglesia y sociedad en una villa Valenciana: alcoi, 1300-1845.<\/strong>\u00ab<\/h3>\n<ul>\n<li><strong>T\u00edtulo de la tesis:<\/strong>\u00a0 Iglesia y sociedad en una villa Valenciana: alcoi, 1300-1845. <\/li>\n<li><strong>Autor:<\/strong>\u00a0 Jos\u00e9 Luis Santonja Cardona <\/li>\n<li><strong>Universidad:<\/strong>\u00a0 Alicante<\/li>\n<li><strong>Fecha de lectura de la tesis:<\/strong>\u00a0 01\/01\/1998<\/li>\n<\/ul>\n<p>&nbsp;<\/p>\n<h3>Direcci\u00f3n y tribunal<\/h3>\n<ul>\n<li><strong>Director de la tesis<\/strong>\n<ul>\n<li>Juan  Manuel Del Estal Gutierrez<\/li>\n<\/ul>\n<\/li>\n<li><strong>Tribunal<\/strong>\n<ul>\n<li>Presidente del tribunal: Antonio Mestre sanchis <\/li>\n<li>roberto Fernandez diaz (vocal)<\/li>\n<li>Jos\u00e9 Hinojosa montalvo (vocal)<\/li>\n<li>ram\u00f3n Ferrer navarro (vocal)<\/li>\n<\/ul>\n<\/li>\n<\/ul>\n<p>&nbsp;<\/p>\n","protected":false},"excerpt":{"rendered":"<p>Tesis doctoral de Jos\u00e9 Luis Santonja Cardona Nuestro trabajo de investigaci\u00f3n, dentro del esquema de la iglesia y la sociedad [&hellip;]<\/p>\n","protected":false},"author":1,"featured_media":0,"comment_status":"open","ping_status":"open","sticky":false,"template":"","format":"standard","meta":{"site-sidebar-layout":"default","site-content-layout":"","ast-site-content-layout":"","site-content-style":"default","site-sidebar-style":"default","ast-global-header-display":"","ast-banner-title-visibility":"","ast-main-header-display":"","ast-hfb-above-header-display":"","ast-hfb-below-header-display":"","ast-hfb-mobile-header-display":"","site-post-title":"","ast-breadcrumbs-content":"","ast-featured-img":"","footer-sml-layout":"","theme-transparent-header-meta":"","adv-header-id-meta":"","stick-header-meta":"","header-above-stick-meta":"","header-main-stick-meta":"","header-below-stick-meta":"","astra-migrate-meta-layouts":"default","ast-page-background-enabled":"default","ast-page-background-meta":{"desktop":{"background-color":"var(--ast-global-color-4)","background-image":"","background-repeat":"repeat","background-position":"center center","background-size":"auto","background-attachment":"scroll","background-type":"","background-media":"","overlay-type":"","overlay-color":"","overlay-gradient":""},"tablet":{"background-color":"","background-image":"","background-repeat":"repeat","background-position":"center center","background-size":"auto","background-attachment":"scroll","background-type":"","background-media":"","overlay-type":"","overlay-color":"","overlay-gradient":""},"mobile":{"background-color":"","background-image":"","background-repeat":"repeat","background-position":"center center","background-size":"auto","background-attachment":"scroll","background-type":"","background-media":"","overlay-type":"","overlay-color":"","overlay-gradient":""}},"ast-content-background-meta":{"desktop":{"background-color":"var(--ast-global-color-5)","background-image":"","background-repeat":"repeat","background-position":"center center","background-size":"auto","background-attachment":"scroll","background-type":"","background-media":"","overlay-type":"","overlay-color":"","overlay-gradient":""},"tablet":{"background-color":"var(--ast-global-color-5)","background-image":"","background-repeat":"repeat","background-position":"center center","background-size":"auto","background-attachment":"scroll","background-type":"","background-media":"","overlay-type":"","overlay-color":"","overlay-gradient":""},"mobile":{"background-color":"var(--ast-global-color-5)","background-image":"","background-repeat":"repeat","background-position":"center center","background-size":"auto","background-attachment":"scroll","background-type":"","background-media":"","overlay-type":"","overlay-color":"","overlay-gradient":""}},"footnotes":""},"categories":[19166,104,3967,220,222],"tags":[3361,27358,91583,91584,91585,12528],"class_list":["post-33640","post","type-post","status-publish","format-standard","hentry","category-alicante","category-historia","category-historia-de-la-iglesia","category-historia-por-epocas","category-historias-especializadas","tag-antonio-mestre-sanchis","tag-jose-hinojosa-montalvo","tag-jose-luis-santonja-cardona","tag-juan-manuel-del-estal-gutierrez","tag-ramon-ferrer-navarro","tag-roberto-fernandez-diaz"],"_links":{"self":[{"href":"https:\/\/www.deberes.net\/tesis\/wp-json\/wp\/v2\/posts\/33640","targetHints":{"allow":["GET"]}}],"collection":[{"href":"https:\/\/www.deberes.net\/tesis\/wp-json\/wp\/v2\/posts"}],"about":[{"href":"https:\/\/www.deberes.net\/tesis\/wp-json\/wp\/v2\/types\/post"}],"author":[{"embeddable":true,"href":"https:\/\/www.deberes.net\/tesis\/wp-json\/wp\/v2\/users\/1"}],"replies":[{"embeddable":true,"href":"https:\/\/www.deberes.net\/tesis\/wp-json\/wp\/v2\/comments?post=33640"}],"version-history":[{"count":0,"href":"https:\/\/www.deberes.net\/tesis\/wp-json\/wp\/v2\/posts\/33640\/revisions"}],"wp:attachment":[{"href":"https:\/\/www.deberes.net\/tesis\/wp-json\/wp\/v2\/media?parent=33640"}],"wp:term":[{"taxonomy":"category","embeddable":true,"href":"https:\/\/www.deberes.net\/tesis\/wp-json\/wp\/v2\/categories?post=33640"},{"taxonomy":"post_tag","embeddable":true,"href":"https:\/\/www.deberes.net\/tesis\/wp-json\/wp\/v2\/tags?post=33640"}],"curies":[{"name":"wp","href":"https:\/\/api.w.org\/{rel}","templated":true}]}}