{"id":33654,"date":"1998-01-01T00:00:00","date_gmt":"1998-01-01T00:00:00","guid":{"rendered":"https:\/\/www.deberes.net\/tesis\/sin-categoria\/el-mercado-inmobiliario-en-las-balears\/"},"modified":"1998-01-01T00:00:00","modified_gmt":"1998-01-01T00:00:00","slug":"el-mercado-inmobiliario-en-las-balears","status":"publish","type":"post","link":"https:\/\/www.deberes.net\/tesis\/ciencias-economicas\/el-mercado-inmobiliario-en-las-balears\/","title":{"rendered":"El mercado inmobiliario en las balears."},"content":{"rendered":"<h2>Tesis doctoral de <strong>  Segui Ramon Joan Josep <\/strong><\/h2>\n<p>Las principales magnitudes econ\u00f3micas de las balears, tanto a nivel macroecon\u00f3mico como microecon\u00f3mico tienen graves discrepancias.  a nivel macroecon\u00f3mico, el pib por habitante es el mayor del estado espa\u00f1ol, y su crecimiento ha sido muy superior a la media espa\u00f1ola durante la \u00faltima d\u00e9cada. Este hecho, parece ser que tambi\u00e9n se reafirma a nivel microecon\u00f3mico mediante las encuestas que realiza el ine.  en cambio, durante los a\u00f1os 87-92, los ingresos por turismo (el motor de la econom\u00eda de las islas) disminuyeron en un 40%, y los ingresos que perciben las familias dom\u00e9sticas de baleares seg\u00fan las encuestas del ine no sobrepasan la media espa\u00f1ola.  el mercado inmobiliario es un sector de la econom\u00eda que nunca se ha tenido en cuenta a la hora de elaborar un estudio sobre la econom\u00eda de un pa\u00eds, y a trav\u00e9s de la presente tesis se demuestra que dicho mercado explica en gran parte las diferencias que ahora se apuntan.<\/p>\n<p>&nbsp;<\/p>\n<h3>Datos acad\u00e9micos de la tesis doctoral \u00ab<strong>El mercado inmobiliario en las balears.<\/strong>\u00ab<\/h3>\n<ul>\n<li><strong>T\u00edtulo de la tesis:<\/strong>\u00a0 El mercado inmobiliario en las balears. <\/li>\n<li><strong>Autor:<\/strong>\u00a0  Segui Ramon Joan Josep <\/li>\n<li><strong>Universidad:<\/strong>\u00a0 Illes balears<\/li>\n<li><strong>Fecha de lectura de la tesis:<\/strong>\u00a0 01\/01\/1998<\/li>\n<\/ul>\n<p>&nbsp;<\/p>\n<h3>Direcci\u00f3n y tribunal<\/h3>\n<ul>\n<li><strong>Director de la tesis<\/strong>\n<ul>\n<li>Antoni Sastre Alberti<\/li>\n<\/ul>\n<\/li>\n<li><strong>Tribunal<\/strong>\n<ul>\n<li>Presidente del tribunal: Eugeni Aguilo Perez <\/li>\n<li>Pere Salv\u00e1 Tom\u00e1s (vocal)<\/li>\n<li>Joaquim Sola Sola (vocal)<\/li>\n<li>Gabriel Cortes Marques (vocal)<\/li>\n<\/ul>\n<\/li>\n<\/ul>\n<p>&nbsp;<\/p>\n","protected":false},"excerpt":{"rendered":"<p>Tesis doctoral de Segui Ramon Joan Josep Las principales magnitudes econ\u00f3micas de las balears, tanto a nivel macroecon\u00f3mico como microecon\u00f3mico [&hellip;]<\/p>\n","protected":false},"author":1,"featured_media":0,"comment_status":"open","ping_status":"open","sticky":false,"template":"","format":"standard","meta":{"site-sidebar-layout":"default","site-content-layout":"","ast-site-content-layout":"","site-content-style":"default","site-sidebar-style":"default","ast-global-header-display":"","ast-banner-title-visibility":"","ast-main-header-display":"","ast-hfb-above-header-display":"","ast-hfb-below-header-display":"","ast-hfb-mobile-header-display":"","site-post-title":"","ast-breadcrumbs-content":"","ast-featured-img":"","footer-sml-layout":"","theme-transparent-header-meta":"","adv-header-id-meta":"","stick-header-meta":"","header-above-stick-meta":"","header-main-stick-meta":"","header-below-stick-meta":"","astra-migrate-meta-layouts":"default","ast-page-background-enabled":"default","ast-page-background-meta":{"desktop":{"background-color":"var(--ast-global-color-4)","background-image":"","background-repeat":"repeat","background-position":"center center","background-size":"auto","background-attachment":"scroll","background-type":"","background-media":"","overlay-type":"","overlay-color":"","overlay-gradient":""},"tablet":{"background-color":"","background-image":"","background-repeat":"repeat","background-position":"center center","background-size":"auto","background-attachment":"scroll","background-type":"","background-media":"","overlay-type":"","overlay-color":"","overlay-gradient":""},"mobile":{"background-color":"","background-image":"","background-repeat":"repeat","background-position":"center center","background-size":"auto","background-attachment":"scroll","background-type":"","background-media":"","overlay-type":"","overlay-color":"","overlay-gradient":""}},"ast-content-background-meta":{"desktop":{"background-color":"var(--ast-global-color-5)","background-image":"","background-repeat":"repeat","background-position":"center center","background-size":"auto","background-attachment":"scroll","background-type":"","background-media":"","overlay-type":"","overlay-color":"","overlay-gradient":""},"tablet":{"background-color":"var(--ast-global-color-5)","background-image":"","background-repeat":"repeat","background-position":"center center","background-size":"auto","background-attachment":"scroll","background-type":"","background-media":"","overlay-type":"","overlay-color":"","overlay-gradient":""},"mobile":{"background-color":"var(--ast-global-color-5)","background-image":"","background-repeat":"repeat","background-position":"center center","background-size":"auto","background-attachment":"scroll","background-type":"","background-media":"","overlay-type":"","overlay-color":"","overlay-gradient":""}},"footnotes":""},"categories":[82,9067,1697,963,19034,17315],"tags":[91609,7949,18859,34305,3095,91612],"class_list":["post-33654","post","type-post","status-publish","format-standard","hentry","category-ciencias-economicas","category-contabilidad-de-la-renta-nacional","category-contabilidad-economica","category-economia-sectorial","category-illes-balears","category-sector-de-la-construccion","tag-antoni-sastre-alberti","tag-eugeni-aguilo-perez","tag-gabriel-cortes-marques","tag-joaquim-sola-sola","tag-pere-salva-tomas","tag-segui-ramon-joan-josep"],"_links":{"self":[{"href":"https:\/\/www.deberes.net\/tesis\/wp-json\/wp\/v2\/posts\/33654","targetHints":{"allow":["GET"]}}],"collection":[{"href":"https:\/\/www.deberes.net\/tesis\/wp-json\/wp\/v2\/posts"}],"about":[{"href":"https:\/\/www.deberes.net\/tesis\/wp-json\/wp\/v2\/types\/post"}],"author":[{"embeddable":true,"href":"https:\/\/www.deberes.net\/tesis\/wp-json\/wp\/v2\/users\/1"}],"replies":[{"embeddable":true,"href":"https:\/\/www.deberes.net\/tesis\/wp-json\/wp\/v2\/comments?post=33654"}],"version-history":[{"count":0,"href":"https:\/\/www.deberes.net\/tesis\/wp-json\/wp\/v2\/posts\/33654\/revisions"}],"wp:attachment":[{"href":"https:\/\/www.deberes.net\/tesis\/wp-json\/wp\/v2\/media?parent=33654"}],"wp:term":[{"taxonomy":"category","embeddable":true,"href":"https:\/\/www.deberes.net\/tesis\/wp-json\/wp\/v2\/categories?post=33654"},{"taxonomy":"post_tag","embeddable":true,"href":"https:\/\/www.deberes.net\/tesis\/wp-json\/wp\/v2\/tags?post=33654"}],"curies":[{"name":"wp","href":"https:\/\/api.w.org\/{rel}","templated":true}]}}