{"id":33703,"date":"1998-01-01T00:00:00","date_gmt":"1998-01-01T00:00:00","guid":{"rendered":"https:\/\/www.deberes.net\/tesis\/sin-categoria\/fracaso-escolar-e-atribucion-causal-na-comarca-do-barbanza\/"},"modified":"1998-01-01T00:00:00","modified_gmt":"1998-01-01T00:00:00","slug":"fracaso-escolar-e-atribucion-causal-na-comarca-do-barbanza","status":"publish","type":"post","link":"https:\/\/www.deberes.net\/tesis\/santiago-de-compostela\/fracaso-escolar-e-atribucion-causal-na-comarca-do-barbanza\/","title":{"rendered":"Fracaso escolar e atribucion causal na comarca do barbanza."},"content":{"rendered":"<h2>Tesis doctoral de <strong> Felicidad Barreiro Fernandez <\/strong><\/h2>\n<p>Este trabajo aborda el tema del fracaso escolar desde una doble vertiente: la asunci\u00f3n conceptual que de dicho fen\u00f3meno confiesan tener los alumnos de ense\u00f1anzas medias de la comarca del barbanza, en galicia, sus profesores y sus padres, y la atribuci\u00f3n causal que del fen\u00f3meno tienen estos tres colectivos.  los datos emp\u00edricos extraidos a la luz de las teor\u00edas atribucionales, muy especialmente la de weiner muestran que existen entre esos colectivos diferencias significativas de gran inter\u00e9s para la elaboraci\u00f3n de programas tendentes a una negociaci\u00f3n de significados indispensables para abordar intervenciones pedag\u00f3gicas orientadas a aminorar las dimensiones del fracaso.<\/p>\n<p>&nbsp;<\/p>\n<h3>Datos acad\u00e9micos de la tesis doctoral \u00ab<strong>Fracaso escolar e atribucion causal na comarca do barbanza.<\/strong>\u00ab<\/h3>\n<ul>\n<li><strong>T\u00edtulo de la tesis:<\/strong>\u00a0 Fracaso escolar e atribucion causal na comarca do barbanza. <\/li>\n<li><strong>Autor:<\/strong>\u00a0 Felicidad Barreiro Fernandez <\/li>\n<li><strong>Universidad:<\/strong>\u00a0 Santiago de compostela<\/li>\n<li><strong>Fecha de lectura de la tesis:<\/strong>\u00a0 01\/01\/1998<\/li>\n<\/ul>\n<p>&nbsp;<\/p>\n<h3>Direcci\u00f3n y tribunal<\/h3>\n<ul>\n<li><strong>Director de la tesis<\/strong>\n<ul>\n<li>Lisardo Doval Salgado<\/li>\n<\/ul>\n<\/li>\n<li><strong>Tribunal<\/strong>\n<ul>\n<li>Presidente del tribunal: Jose Cajide Val <\/li>\n<li>Eliseo Alfonso Barca Lozano (vocal)<\/li>\n<li>Eduardo Abalde Paz (vocal)<\/li>\n<li> Santos Rego Miguel Anxo (vocal)<\/li>\n<\/ul>\n<\/li>\n<\/ul>\n<p>&nbsp;<\/p>\n","protected":false},"excerpt":{"rendered":"<p>Tesis doctoral de Felicidad Barreiro Fernandez Este trabajo aborda el tema del fracaso escolar desde una doble vertiente: la asunci\u00f3n [&hellip;]<\/p>\n","protected":false},"author":1,"featured_media":0,"comment_status":"open","ping_status":"open","sticky":false,"template":"","format":"standard","meta":{"site-sidebar-layout":"default","site-content-layout":"","ast-site-content-layout":"","site-content-style":"default","site-sidebar-style":"default","ast-global-header-display":"","ast-banner-title-visibility":"","ast-main-header-display":"","ast-hfb-above-header-display":"","ast-hfb-below-header-display":"","ast-hfb-mobile-header-display":"","site-post-title":"","ast-breadcrumbs-content":"","ast-featured-img":"","footer-sml-layout":"","theme-transparent-header-meta":"","adv-header-id-meta":"","stick-header-meta":"","header-above-stick-meta":"","header-main-stick-meta":"","header-below-stick-meta":"","astra-migrate-meta-layouts":"default","ast-page-background-enabled":"default","ast-page-background-meta":{"desktop":{"background-color":"var(--ast-global-color-4)","background-image":"","background-repeat":"repeat","background-position":"center center","background-size":"auto","background-attachment":"scroll","background-type":"","background-media":"","overlay-type":"","overlay-color":"","overlay-gradient":""},"tablet":{"background-color":"","background-image":"","background-repeat":"repeat","background-position":"center center","background-size":"auto","background-attachment":"scroll","background-type":"","background-media":"","overlay-type":"","overlay-color":"","overlay-gradient":""},"mobile":{"background-color":"","background-image":"","background-repeat":"repeat","background-position":"center center","background-size":"auto","background-attachment":"scroll","background-type":"","background-media":"","overlay-type":"","overlay-color":"","overlay-gradient":""}},"ast-content-background-meta":{"desktop":{"background-color":"var(--ast-global-color-5)","background-image":"","background-repeat":"repeat","background-position":"center center","background-size":"auto","background-attachment":"scroll","background-type":"","background-media":"","overlay-type":"","overlay-color":"","overlay-gradient":""},"tablet":{"background-color":"var(--ast-global-color-5)","background-image":"","background-repeat":"repeat","background-position":"center center","background-size":"auto","background-attachment":"scroll","background-type":"","background-media":"","overlay-type":"","overlay-color":"","overlay-gradient":""},"mobile":{"background-color":"var(--ast-global-color-5)","background-image":"","background-repeat":"repeat","background-position":"center center","background-size":"auto","background-attachment":"scroll","background-type":"","background-media":"","overlay-type":"","overlay-color":"","overlay-gradient":""}},"footnotes":""},"categories":[6020,1141,977,1341],"tags":[14938,21321,91701,2850,2847,86734],"class_list":["post-33703","post","type-post","status-publish","format-standard","hentry","category-evaluacion-de-alumnos","category-pedagogia","category-santiago-de-compostela","category-teoria-y-metodos-educativos","tag-eduardo-abalde-paz","tag-eliseo-alfonso-barca-lozano","tag-felicidad-barreiro-fernandez","tag-jose-cajide-val","tag-lisardo-doval-salgado","tag-santos-rego-miguel-anxo"],"_links":{"self":[{"href":"https:\/\/www.deberes.net\/tesis\/wp-json\/wp\/v2\/posts\/33703","targetHints":{"allow":["GET"]}}],"collection":[{"href":"https:\/\/www.deberes.net\/tesis\/wp-json\/wp\/v2\/posts"}],"about":[{"href":"https:\/\/www.deberes.net\/tesis\/wp-json\/wp\/v2\/types\/post"}],"author":[{"embeddable":true,"href":"https:\/\/www.deberes.net\/tesis\/wp-json\/wp\/v2\/users\/1"}],"replies":[{"embeddable":true,"href":"https:\/\/www.deberes.net\/tesis\/wp-json\/wp\/v2\/comments?post=33703"}],"version-history":[{"count":0,"href":"https:\/\/www.deberes.net\/tesis\/wp-json\/wp\/v2\/posts\/33703\/revisions"}],"wp:attachment":[{"href":"https:\/\/www.deberes.net\/tesis\/wp-json\/wp\/v2\/media?parent=33703"}],"wp:term":[{"taxonomy":"category","embeddable":true,"href":"https:\/\/www.deberes.net\/tesis\/wp-json\/wp\/v2\/categories?post=33703"},{"taxonomy":"post_tag","embeddable":true,"href":"https:\/\/www.deberes.net\/tesis\/wp-json\/wp\/v2\/tags?post=33703"}],"curies":[{"name":"wp","href":"https:\/\/api.w.org\/{rel}","templated":true}]}}