{"id":33795,"date":"1998-01-01T00:00:00","date_gmt":"1998-01-01T00:00:00","guid":{"rendered":"https:\/\/www.deberes.net\/tesis\/sin-categoria\/la-represion-franquista-en-la-provincia-de-lugo-1936-1940\/"},"modified":"1998-01-01T00:00:00","modified_gmt":"1998-01-01T00:00:00","slug":"la-represion-franquista-en-la-provincia-de-lugo-1936-1940","status":"publish","type":"post","link":"https:\/\/www.deberes.net\/tesis\/historia\/la-represion-franquista-en-la-provincia-de-lugo-1936-1940\/","title":{"rendered":"La represion franquista en la provincia de lugo (1936-1940)."},"content":{"rendered":"<h2>Tesis doctoral de <strong>  Souto Blanco M. Jes\u00fas <\/strong><\/h2>\n<p>La tesis consta de tres partes:  1. Caracterizaci\u00f3n del contexto hist\u00f3rico: demograf\u00eda, estructura econ\u00f3mica, estructura social de la provincia de lugo en los a\u00f1os treinta; din\u00e1mica politica (partidos, sindicatos y asociaciones, as\u00ed como elecciones municipales y legislativas) durante la segunda rep\u00fablica en dicha provincia.  2. An\u00e1lisis de la represi\u00f3n. Descripci\u00f3n de la sublevaci\u00f3n militar y de la r\u00e1pida ocupaci\u00f3n de la capital y la provincia. Estudio cuantitativo y cualitativo de la represi\u00f3n: distribuci\u00f3n territorial, social y pol\u00edtica de los sometidos a encarcelamiento, ejecuciones sumariales, ejecuciones ilegales, responsabilidades civiles, responsabilidades pol\u00edticas y depuraci\u00f3n administrativa, a partir de fuentes penitenciarias, sanitarias, judiciales, militares y hacend\u00edsticas, as\u00ed como de las hemerogr\u00e1ficas y orales.  3. Caracterizaci\u00f3n del nuevo orden tanto en sus aspectos institucionales como propiamente pol\u00edticos. Estudio de las nuevas \u00e9lites pol\u00edticas en los planos municipal y provincial y comparaci\u00f3n con las de la segunda rep\u00fablica y, siempre que ha sido posible, con las de la dictadura de primo de rivera, para determinar el grado de ruptura-continuidad en los cargos pol\u00edticos y administrativos principales. An\u00e1lisis de las tensiones internas en el seno del nuevo bloque de poder, especialmente entre falangistas, militares y \u00abviejos pol\u00edticos\u00bb de la derecha.  conclusiones principales: 1) a pesar de que no hubo guerra civil en la provincia, la represi\u00f3n fue bastante dura y sistem\u00e1tica como mecanismo de consolidaci\u00f3n del nuevo r\u00e9gimen; 2) socialmente fue una represi\u00f3n que afect\u00f3 sobre todo a obreros de lugo y monforte (ferroviarios) y a campesinos del sur y sudeste de la provincia, donde hab\u00eda un fuerte movimiento agrarista; pol\u00edticamente, se dirigi\u00f3 a descabezar los partidos republicanos de izquierda y a erradicar la militancia socialista y anarquista; 3) en las zonas urbana<\/p>\n<p>&nbsp;<\/p>\n<h3>Datos acad\u00e9micos de la tesis doctoral \u00ab<strong>La represion franquista en la provincia de lugo (1936-1940).<\/strong>\u00ab<\/h3>\n<ul>\n<li><strong>T\u00edtulo de la tesis:<\/strong>\u00a0 La represion franquista en la provincia de lugo (1936-1940). <\/li>\n<li><strong>Autor:<\/strong>\u00a0  Souto Blanco M. Jes\u00fas <\/li>\n<li><strong>Universidad:<\/strong>\u00a0 Santiago de compostela<\/li>\n<li><strong>Fecha de lectura de la tesis:<\/strong>\u00a0 01\/01\/1998<\/li>\n<\/ul>\n<p>&nbsp;<\/p>\n<h3>Direcci\u00f3n y tribunal<\/h3>\n<ul>\n<li><strong>Director de la tesis<\/strong>\n<ul>\n<li>Jos\u00e9 Ram\u00f3n Barreiro Fern\u00e1ndez<\/li>\n<\/ul>\n<\/li>\n<li><strong>Tribunal<\/strong>\n<ul>\n<li>Presidente del tribunal: Ramon Villarez Paz <\/li>\n<li> De Juan a Lopez Jes\u00fas (vocal)<\/li>\n<li>Angel Bahamonde Magro (vocal)<\/li>\n<li>Justo Gonz\u00e1lez Beramendi (vocal)<\/li>\n<\/ul>\n<\/li>\n<\/ul>\n<p>&nbsp;<\/p>\n","protected":false},"excerpt":{"rendered":"<p>Tesis doctoral de Souto Blanco M. Jes\u00fas La tesis consta de tres partes: 1. Caracterizaci\u00f3n del contexto hist\u00f3rico: demograf\u00eda, estructura [&hellip;]<\/p>\n","protected":false},"author":1,"featured_media":0,"comment_status":"open","ping_status":"open","sticky":false,"template":"","format":"standard","meta":{"site-sidebar-layout":"default","site-content-layout":"","ast-site-content-layout":"","site-content-style":"default","site-sidebar-style":"default","ast-global-header-display":"","ast-banner-title-visibility":"","ast-main-header-display":"","ast-hfb-above-header-display":"","ast-hfb-below-header-display":"","ast-hfb-mobile-header-display":"","site-post-title":"","ast-breadcrumbs-content":"","ast-featured-img":"","footer-sml-layout":"","theme-transparent-header-meta":"","adv-header-id-meta":"","stick-header-meta":"","header-above-stick-meta":"","header-main-stick-meta":"","header-below-stick-meta":"","astra-migrate-meta-layouts":"default","ast-page-background-enabled":"default","ast-page-background-meta":{"desktop":{"background-color":"var(--ast-global-color-4)","background-image":"","background-repeat":"repeat","background-position":"center center","background-size":"auto","background-attachment":"scroll","background-type":"","background-media":"","overlay-type":"","overlay-color":"","overlay-gradient":""},"tablet":{"background-color":"","background-image":"","background-repeat":"repeat","background-position":"center center","background-size":"auto","background-attachment":"scroll","background-type":"","background-media":"","overlay-type":"","overlay-color":"","overlay-gradient":""},"mobile":{"background-color":"","background-image":"","background-repeat":"repeat","background-position":"center center","background-size":"auto","background-attachment":"scroll","background-type":"","background-media":"","overlay-type":"","overlay-color":"","overlay-gradient":""}},"ast-content-background-meta":{"desktop":{"background-color":"var(--ast-global-color-5)","background-image":"","background-repeat":"repeat","background-position":"center center","background-size":"auto","background-attachment":"scroll","background-type":"","background-media":"","overlay-type":"","overlay-color":"","overlay-gradient":""},"tablet":{"background-color":"var(--ast-global-color-5)","background-image":"","background-repeat":"repeat","background-position":"center center","background-size":"auto","background-attachment":"scroll","background-type":"","background-media":"","overlay-type":"","overlay-color":"","overlay-gradient":""},"mobile":{"background-color":"var(--ast-global-color-5)","background-image":"","background-repeat":"repeat","background-position":"center center","background-size":"auto","background-attachment":"scroll","background-type":"","background-media":"","overlay-type":"","overlay-color":"","overlay-gradient":""}},"footnotes":""},"categories":[104,353,3538,220,222,977],"tags":[5977,26420,7088,87647,4978,91878],"class_list":["post-33795","post","type-post","status-publish","format-standard","hentry","category-historia","category-historia-contemporanea-del-area-europea","category-historia-de-las-ideas-politicas","category-historia-por-epocas","category-historias-especializadas","category-santiago-de-compostela","tag-angel-bahamonde-magro","tag-de-juan-a-lopez-jesus","tag-jose-ramon-barreiro-fernandez","tag-justo-gonzalez-beramendi","tag-ramon-villarez-paz","tag-souto-blanco-m-jesus"],"_links":{"self":[{"href":"https:\/\/www.deberes.net\/tesis\/wp-json\/wp\/v2\/posts\/33795","targetHints":{"allow":["GET"]}}],"collection":[{"href":"https:\/\/www.deberes.net\/tesis\/wp-json\/wp\/v2\/posts"}],"about":[{"href":"https:\/\/www.deberes.net\/tesis\/wp-json\/wp\/v2\/types\/post"}],"author":[{"embeddable":true,"href":"https:\/\/www.deberes.net\/tesis\/wp-json\/wp\/v2\/users\/1"}],"replies":[{"embeddable":true,"href":"https:\/\/www.deberes.net\/tesis\/wp-json\/wp\/v2\/comments?post=33795"}],"version-history":[{"count":0,"href":"https:\/\/www.deberes.net\/tesis\/wp-json\/wp\/v2\/posts\/33795\/revisions"}],"wp:attachment":[{"href":"https:\/\/www.deberes.net\/tesis\/wp-json\/wp\/v2\/media?parent=33795"}],"wp:term":[{"taxonomy":"category","embeddable":true,"href":"https:\/\/www.deberes.net\/tesis\/wp-json\/wp\/v2\/categories?post=33795"},{"taxonomy":"post_tag","embeddable":true,"href":"https:\/\/www.deberes.net\/tesis\/wp-json\/wp\/v2\/tags?post=33795"}],"curies":[{"name":"wp","href":"https:\/\/api.w.org\/{rel}","templated":true}]}}