{"id":33799,"date":"1998-01-01T00:00:00","date_gmt":"1998-01-01T00:00:00","guid":{"rendered":"https:\/\/www.deberes.net\/tesis\/sin-categoria\/modelo-proclamado-e-funcionamento-das-universidades-emergentes-reconhecidas-no-brasil-na-decada-de-oitenta\/"},"modified":"1998-01-01T00:00:00","modified_gmt":"1998-01-01T00:00:00","slug":"modelo-proclamado-e-funcionamento-das-universidades-emergentes-reconhecidas-no-brasil-na-decada-de-oitenta","status":"publish","type":"post","link":"https:\/\/www.deberes.net\/tesis\/santiago-de-compostela\/modelo-proclamado-e-funcionamento-das-universidades-emergentes-reconhecidas-no-brasil-na-decada-de-oitenta\/","title":{"rendered":"Modelo proclamado e funcionamento das universidades emergentes reconhecidas no brasil na decada de oitenta."},"content":{"rendered":"<h2>Tesis doctoral de <strong> Raulino Tramontin <\/strong><\/h2>\n<p>La presente tesis doctoral tiene como objetivo analizar el funcionamiento de las universidades privadas brasile\u00f1as reconocidas por el gobierno de brasil en la d\u00e9cada de los a\u00f1os ochenta, usando como referente el modelo de universidad proclamado por la reforma universitaria en la ley 5.540\/68. La verificaci\u00f3n del desarrollo de estas universidades en sus funciones de ense\u00f1anza, investigaci\u00f3n y extensi\u00f3n cultural tuvo como soporte los proyectos que presentaron al consejo federal de educaci\u00f3n, \u00f3rgano deliberativo del ministerio de educaci\u00f3n de brasil en el momento de su reconocimiento oficial. Esta tesis investig\u00f3 c\u00f3mo tales universidades fueron implantando sus proyectos y si de esta forma cumplieron el modelo exigido por la legislaci\u00f3n. Al mismo tiempo estudi\u00f3 los principales factores que determinaron su mayor o menor grado de desarrollo.  para lograr tal finalidad el trabajo parti\u00f3 de un estudio de la evoluci\u00f3n de la pol\u00edtica universitaria a partir de los 20, en sus diferentes fases, hasta el momento actual de la aprobaci\u00f3n de una nueva ley de directrices y bases de la educaci\u00f3n nacional en diciembre de 1996. En las p\u00e1ginas de la tesis se describe el modelo de universidad exigido por la ley 5.540\/68 en sus objetivos, caracter\u00edsticos as\u00ed como la evoluci\u00f3n de las normas y procedimientos generados por el aparato burocr\u00e1tico del estado para dar soporte al proceso decisional de los actos que autorizaron el reconocimiento de tales universidades. De forma complementaria se estudia el comportamiento del sistema universitario brasile\u00f1o desde 1984 a 1994, per\u00edodo del que se preocupa la presente tesis mediante un trabajo de campo con indicadores cuantitativos y cualitativos que muestra el lugar de estas universidades en el contexto del sistema.  a continuaci\u00f3n es realizado el estudio cuantitativo del funcionamiento del modelo en base a los resultados de una investigaci\u00f3n de campo que utiliz\u00f3 como instrumento prin<\/p>\n<p>&nbsp;<\/p>\n<h3>Datos acad\u00e9micos de la tesis doctoral \u00ab<strong>Modelo proclamado e funcionamento das universidades emergentes reconhecidas no brasil na decada de oitenta.<\/strong>\u00ab<\/h3>\n<ul>\n<li><strong>T\u00edtulo de la tesis:<\/strong>\u00a0 Modelo proclamado e funcionamento das universidades emergentes reconhecidas no brasil na decada de oitenta. <\/li>\n<li><strong>Autor:<\/strong>\u00a0 Raulino Tramontin <\/li>\n<li><strong>Universidad:<\/strong>\u00a0 Santiago de compostela<\/li>\n<li><strong>Fecha de lectura de la tesis:<\/strong>\u00a0 01\/01\/1998<\/li>\n<\/ul>\n<p>&nbsp;<\/p>\n<h3>Direcci\u00f3n y tribunal<\/h3>\n<ul>\n<li><strong>Director de la tesis<\/strong>\n<ul>\n<li>Agustin Requejo Osorio<\/li>\n<\/ul>\n<\/li>\n<li><strong>Tribunal<\/strong>\n<ul>\n<li>Presidente del tribunal:  Colom Canellas Antonio  J. <\/li>\n<li>Antonio Vara Coomonte (vocal)<\/li>\n<li>Carlos Rosales Lopez (vocal)<\/li>\n<li>Narciso De Gabriel Fernandez (vocal)<\/li>\n<\/ul>\n<\/li>\n<\/ul>\n<p>&nbsp;<\/p>\n","protected":false},"excerpt":{"rendered":"<p>Tesis doctoral de Raulino Tramontin La presente tesis doctoral tiene como objetivo analizar el funcionamiento de las universidades privadas brasile\u00f1as [&hellip;]<\/p>\n","protected":false},"author":1,"featured_media":0,"comment_status":"open","ping_status":"open","sticky":false,"template":"","format":"standard","meta":{"site-sidebar-layout":"default","site-content-layout":"","ast-site-content-layout":"","site-content-style":"default","site-sidebar-style":"default","ast-global-header-display":"","ast-banner-title-visibility":"","ast-main-header-display":"","ast-hfb-above-header-display":"","ast-hfb-below-header-display":"","ast-hfb-mobile-header-display":"","site-post-title":"","ast-breadcrumbs-content":"","ast-featured-img":"","footer-sml-layout":"","theme-transparent-header-meta":"","adv-header-id-meta":"","stick-header-meta":"","header-above-stick-meta":"","header-main-stick-meta":"","header-below-stick-meta":"","astra-migrate-meta-layouts":"default","ast-page-background-enabled":"default","ast-page-background-meta":{"desktop":{"background-color":"var(--ast-global-color-4)","background-image":"","background-repeat":"repeat","background-position":"center center","background-size":"auto","background-attachment":"scroll","background-type":"","background-media":"","overlay-type":"","overlay-color":"","overlay-gradient":""},"tablet":{"background-color":"","background-image":"","background-repeat":"repeat","background-position":"center center","background-size":"auto","background-attachment":"scroll","background-type":"","background-media":"","overlay-type":"","overlay-color":"","overlay-gradient":""},"mobile":{"background-color":"","background-image":"","background-repeat":"repeat","background-position":"center center","background-size":"auto","background-attachment":"scroll","background-type":"","background-media":"","overlay-type":"","overlay-color":"","overlay-gradient":""}},"ast-content-background-meta":{"desktop":{"background-color":"var(--ast-global-color-5)","background-image":"","background-repeat":"repeat","background-position":"center center","background-size":"auto","background-attachment":"scroll","background-type":"","background-media":"","overlay-type":"","overlay-color":"","overlay-gradient":""},"tablet":{"background-color":"var(--ast-global-color-5)","background-image":"","background-repeat":"repeat","background-position":"center center","background-size":"auto","background-attachment":"scroll","background-type":"","background-media":"","overlay-type":"","overlay-color":"","overlay-gradient":""},"mobile":{"background-color":"var(--ast-global-color-5)","background-image":"","background-repeat":"repeat","background-position":"center center","background-size":"auto","background-attachment":"scroll","background-type":"","background-media":"","overlay-type":"","overlay-color":"","overlay-gradient":""}},"footnotes":""},"categories":[4394,1184,1141,977],"tags":[2627,6171,2626,45682,21128,91883],"class_list":["post-33799","post","type-post","status-publish","format-standard","hentry","category-educacion-superior","category-organizacion-y-planificacion-de-la-educacion","category-pedagogia","category-santiago-de-compostela","tag-agustin-requejo-osorio","tag-antonio-vara-coomonte","tag-carlos-rosales-lopez","tag-colom-canellas-antonio-j","tag-narciso-de-gabriel-fernandez","tag-raulino-tramontin"],"_links":{"self":[{"href":"https:\/\/www.deberes.net\/tesis\/wp-json\/wp\/v2\/posts\/33799","targetHints":{"allow":["GET"]}}],"collection":[{"href":"https:\/\/www.deberes.net\/tesis\/wp-json\/wp\/v2\/posts"}],"about":[{"href":"https:\/\/www.deberes.net\/tesis\/wp-json\/wp\/v2\/types\/post"}],"author":[{"embeddable":true,"href":"https:\/\/www.deberes.net\/tesis\/wp-json\/wp\/v2\/users\/1"}],"replies":[{"embeddable":true,"href":"https:\/\/www.deberes.net\/tesis\/wp-json\/wp\/v2\/comments?post=33799"}],"version-history":[{"count":0,"href":"https:\/\/www.deberes.net\/tesis\/wp-json\/wp\/v2\/posts\/33799\/revisions"}],"wp:attachment":[{"href":"https:\/\/www.deberes.net\/tesis\/wp-json\/wp\/v2\/media?parent=33799"}],"wp:term":[{"taxonomy":"category","embeddable":true,"href":"https:\/\/www.deberes.net\/tesis\/wp-json\/wp\/v2\/categories?post=33799"},{"taxonomy":"post_tag","embeddable":true,"href":"https:\/\/www.deberes.net\/tesis\/wp-json\/wp\/v2\/tags?post=33799"}],"curies":[{"name":"wp","href":"https:\/\/api.w.org\/{rel}","templated":true}]}}