{"id":33867,"date":"1998-01-01T00:00:00","date_gmt":"1998-01-01T00:00:00","guid":{"rendered":"https:\/\/www.deberes.net\/tesis\/sin-categoria\/contribucion-al-estudio-de-la-inmunoterapia-en-la-dermatitis-atopica\/"},"modified":"1998-01-01T00:00:00","modified_gmt":"1998-01-01T00:00:00","slug":"contribucion-al-estudio-de-la-inmunoterapia-en-la-dermatitis-atopica","status":"publish","type":"post","link":"https:\/\/www.deberes.net\/tesis\/ciencias-medicas\/contribucion-al-estudio-de-la-inmunoterapia-en-la-dermatitis-atopica\/","title":{"rendered":"Contribucion al estudio de la inmunoterapia en la dermatitis atopica."},"content":{"rendered":"<h2>Tesis doctoral de <strong> Jorge Espelt Otero <\/strong><\/h2>\n<p>La dermatitis at\u00f3pica representa la expresi\u00f3n cut\u00e1nea de la constituci\u00f3n at\u00f3pica. Puede ser definida c\u00f3mo una enfermedad inflamatoria de la piel, de comienzo en la infancia, caracterizada por unas lesiones de morfolog\u00eda y distribuci\u00f3n espec\u00edficas y un curso cr\u00f3nico y recidivante que obliga a medicaci\u00f3n continua, a menudo con escasos resultados. Estudios recientes muestran una inmunoqu\u00edmica com\u00fan entre todas las enfermedades relacionadas con la atop\u00eda, lo que ha llevado a valorar la eficacia de la inmunoterapia en la dermatitis at\u00f3pica. Actualmente se dispone de estractos de gran pureza, con una actividad biol\u00f3gica determinada, que, junto a la utilizaci\u00f3n de vias de administraci\u00f3n alternativas, como la sublingual, minimizan los efectos secundarios. Esta tesis doctoral estudia la eficacia cl\u00ednica de la inmunoterapia sublingual en la dermatitis at\u00f3pica. Paralelamente realiza una aproximaci\u00f3n a los distintos factores implicados en la enfermedad antes y despu\u00e9s del tratamiento, con el fin de investigar la relaci\u00f3n entre dichos factores y la respuesta cl\u00ednica al mismo.<\/p>\n<p>&nbsp;<\/p>\n<h3>Datos acad\u00e9micos de la tesis doctoral \u00ab<strong>Contribucion al estudio de la inmunoterapia en la dermatitis atopica.<\/strong>\u00ab<\/h3>\n<ul>\n<li><strong>T\u00edtulo de la tesis:<\/strong>\u00a0 Contribucion al estudio de la inmunoterapia en la dermatitis atopica. <\/li>\n<li><strong>Autor:<\/strong>\u00a0 Jorge Espelt Otero <\/li>\n<li><strong>Universidad:<\/strong>\u00a0 Granada<\/li>\n<li><strong>Fecha de lectura de la tesis:<\/strong>\u00a0 01\/01\/1998<\/li>\n<\/ul>\n<p>&nbsp;<\/p>\n<h3>Direcci\u00f3n y tribunal<\/h3>\n<ul>\n<li><strong>Director de la tesis<\/strong>\n<ul>\n<li>Juan Oca\u00f1a Sierra<\/li>\n<\/ul>\n<\/li>\n<li><strong>Tribunal<\/strong>\n<ul>\n<li>Presidente del tribunal: Joaqu\u00edn Calap Calatayud <\/li>\n<li>Mar\u00eda  Dolores Cabezas Lopez (vocal)<\/li>\n<li>Miguel Morell Oca\u00f1a (vocal)<\/li>\n<li>Rosario Ruiz Requena (vocal)<\/li>\n<\/ul>\n<\/li>\n<\/ul>\n<p>&nbsp;<\/p>\n","protected":false},"excerpt":{"rendered":"<p>Tesis doctoral de Jorge Espelt Otero La dermatitis at\u00f3pica representa la expresi\u00f3n cut\u00e1nea de la constituci\u00f3n at\u00f3pica. Puede ser definida [&hellip;]<\/p>\n","protected":false},"author":1,"featured_media":0,"comment_status":"open","ping_status":"open","sticky":false,"template":"","format":"standard","meta":{"site-sidebar-layout":"default","site-content-layout":"","ast-site-content-layout":"","site-content-style":"default","site-sidebar-style":"default","ast-global-header-display":"","ast-banner-title-visibility":"","ast-main-header-display":"","ast-hfb-above-header-display":"","ast-hfb-below-header-display":"","ast-hfb-mobile-header-display":"","site-post-title":"","ast-breadcrumbs-content":"","ast-featured-img":"","footer-sml-layout":"","theme-transparent-header-meta":"","adv-header-id-meta":"","stick-header-meta":"","header-above-stick-meta":"","header-main-stick-meta":"","header-below-stick-meta":"","astra-migrate-meta-layouts":"default","ast-page-background-enabled":"default","ast-page-background-meta":{"desktop":{"background-color":"var(--ast-global-color-4)","background-image":"","background-repeat":"repeat","background-position":"center center","background-size":"auto","background-attachment":"scroll","background-type":"","background-media":"","overlay-type":"","overlay-color":"","overlay-gradient":""},"tablet":{"background-color":"","background-image":"","background-repeat":"repeat","background-position":"center center","background-size":"auto","background-attachment":"scroll","background-type":"","background-media":"","overlay-type":"","overlay-color":"","overlay-gradient":""},"mobile":{"background-color":"","background-image":"","background-repeat":"repeat","background-position":"center center","background-size":"auto","background-attachment":"scroll","background-type":"","background-media":"","overlay-type":"","overlay-color":"","overlay-gradient":""}},"ast-content-background-meta":{"desktop":{"background-color":"var(--ast-global-color-5)","background-image":"","background-repeat":"repeat","background-position":"center center","background-size":"auto","background-attachment":"scroll","background-type":"","background-media":"","overlay-type":"","overlay-color":"","overlay-gradient":""},"tablet":{"background-color":"var(--ast-global-color-5)","background-image":"","background-repeat":"repeat","background-position":"center center","background-size":"auto","background-attachment":"scroll","background-type":"","background-media":"","overlay-type":"","overlay-color":"","overlay-gradient":""},"mobile":{"background-color":"var(--ast-global-color-5)","background-image":"","background-repeat":"repeat","background-position":"center center","background-size":"auto","background-attachment":"scroll","background-type":"","background-media":"","overlay-type":"","overlay-color":"","overlay-gradient":""}},"footnotes":""},"categories":[155,9,97],"tags":[1659,91998,1724,48317,2167,3952],"class_list":["post-33867","post","type-post","status-publish","format-standard","hentry","category-ciencias-clinicas","category-ciencias-medicas","category-dermatologia","tag-joaquin-calap-calatayud","tag-jorge-espelt-otero","tag-juan-ocana-sierra","tag-maria-dolores-cabezas-lopez","tag-miguel-morell-ocana","tag-rosario-ruiz-requena"],"_links":{"self":[{"href":"https:\/\/www.deberes.net\/tesis\/wp-json\/wp\/v2\/posts\/33867","targetHints":{"allow":["GET"]}}],"collection":[{"href":"https:\/\/www.deberes.net\/tesis\/wp-json\/wp\/v2\/posts"}],"about":[{"href":"https:\/\/www.deberes.net\/tesis\/wp-json\/wp\/v2\/types\/post"}],"author":[{"embeddable":true,"href":"https:\/\/www.deberes.net\/tesis\/wp-json\/wp\/v2\/users\/1"}],"replies":[{"embeddable":true,"href":"https:\/\/www.deberes.net\/tesis\/wp-json\/wp\/v2\/comments?post=33867"}],"version-history":[{"count":0,"href":"https:\/\/www.deberes.net\/tesis\/wp-json\/wp\/v2\/posts\/33867\/revisions"}],"wp:attachment":[{"href":"https:\/\/www.deberes.net\/tesis\/wp-json\/wp\/v2\/media?parent=33867"}],"wp:term":[{"taxonomy":"category","embeddable":true,"href":"https:\/\/www.deberes.net\/tesis\/wp-json\/wp\/v2\/categories?post=33867"},{"taxonomy":"post_tag","embeddable":true,"href":"https:\/\/www.deberes.net\/tesis\/wp-json\/wp\/v2\/tags?post=33867"}],"curies":[{"name":"wp","href":"https:\/\/api.w.org\/{rel}","templated":true}]}}