{"id":33868,"date":"1998-01-01T00:00:00","date_gmt":"1998-01-01T00:00:00","guid":{"rendered":"https:\/\/www.deberes.net\/tesis\/sin-categoria\/factores-psicosociales-en-las-relaciones-igualitarias-ideologia-y-realidad-en-el-fenomeno-de-la-soledad\/"},"modified":"1998-01-01T00:00:00","modified_gmt":"1998-01-01T00:00:00","slug":"factores-psicosociales-en-las-relaciones-igualitarias-ideologia-y-realidad-en-el-fenomeno-de-la-soledad","status":"publish","type":"post","link":"https:\/\/www.deberes.net\/tesis\/psicologia\/factores-psicosociales-en-las-relaciones-igualitarias-ideologia-y-realidad-en-el-fenomeno-de-la-soledad\/","title":{"rendered":"Factores psicosociales en las relaciones igualitarias: ideolog\u00eda y realidad en el fenomeno de la soledad."},"content":{"rendered":"<h2>Tesis doctoral de <strong> Francisca Exp\u00f3sito Jim\u00e9nez <\/strong><\/h2>\n<p>Esta tesis pretende estudiar el fen\u00f3meno de la soledad desde una perspectiva psicosocial, as\u00ed como realizar una primera aproximaci\u00f3n a dicho fen\u00f3meno en nuestro pa\u00eds.  para cumplir tales objetivos se han dise\u00f1ado cuatro investigaciones, las dos primeras de car\u00e1cter descriptivo y exploratorio con las que se ha estudiado la percepci\u00f3n que la gente en general tiene de la soledad, adem\u00e1s de la obtenci\u00f3n de datos relativos a c\u00f3mo la persona experimenta la soledad, a qu\u00e9 causas la atribuye as\u00ed como las estrategias de afrontamiento que ponen en marcha.  los principales resultados obtenidos en sendas investigaciones han puesto de manifiesto que la soledad posee una connotaci\u00f3n negativa; que existen al menos tres causas que llevan a las personas a sentirse solas (caract. Individuales, d\u00e9ficit relacionales y variables situacionales); y que existen dos tipos diferentes de soledad (social y emocional).  la tercera y cuarta investigaci\u00f3n ten\u00edan como objetivo estudiar aspectos m\u00e1s concretos relacionados con la soledad, bien derivados de las investigaciones previas, bien derivados de la literatura sobre soledad.  concretamente se estudi\u00f3 la relaci\u00f3n entre soledad y apoyo social en un caso, y la relaci\u00f3n entre soledad y relaciones de pareja en otro. Los resultados obtenidos corroboran las teor\u00edas existentes en la literatura. En general, podemos decir que la soledad que experimenta una persona depende fundamentalmente de la evaluaci\u00f3n que realiza de sus relaciones, resaltando la importancia de los aspectos cualitativos (calidad y satisfacci\u00f3n) frente a los cuantitativos (cantidad de relaciones).  por tanto, de la realizaci\u00f3n de esta tesis se pueden extraer las siguientes conclusiones generales: 1) el anclaje social de la soledad, lo cual ha quedado puesto de manifiesto por las percepciones consensuadas que hombres y mujeres tienen de la soledad, as\u00ed como la connotaci\u00f3n negativa de \u00e9sta. 2) la importancia de los asp<\/p>\n<p>&nbsp;<\/p>\n<h3>Datos acad\u00e9micos de la tesis doctoral \u00ab<strong>Factores psicosociales en las relaciones igualitarias: ideolog\u00eda y realidad en el fenomeno de la soledad.<\/strong>\u00ab<\/h3>\n<ul>\n<li><strong>T\u00edtulo de la tesis:<\/strong>\u00a0 Factores psicosociales en las relaciones igualitarias: ideolog\u00eda y realidad en el fenomeno de la soledad. <\/li>\n<li><strong>Autor:<\/strong>\u00a0 Francisca Exp\u00f3sito Jim\u00e9nez <\/li>\n<li><strong>Universidad:<\/strong>\u00a0 Granada<\/li>\n<li><strong>Fecha de lectura de la tesis:<\/strong>\u00a0 01\/01\/1998<\/li>\n<\/ul>\n<p>&nbsp;<\/p>\n<h3>Direcci\u00f3n y tribunal<\/h3>\n<ul>\n<li><strong>Director de la tesis<\/strong>\n<ul>\n<li>Miguel Moya Morales<\/li>\n<\/ul>\n<\/li>\n<li><strong>Tribunal<\/strong>\n<ul>\n<li>Presidente del tribunal: Jos\u00e9 Francisco Morales Dom\u00ednguez <\/li>\n<li> Martinez Garcia Manuel Francisco (vocal)<\/li>\n<li>Jos\u00e9 Miguel Fernandez Dols (vocal)<\/li>\n<li>M\u00aa Isabel Hombrados Mendieta (vocal)<\/li>\n<\/ul>\n<\/li>\n<\/ul>\n<p>&nbsp;<\/p>\n","protected":false},"excerpt":{"rendered":"<p>Tesis doctoral de Francisca Exp\u00f3sito Jim\u00e9nez Esta tesis pretende estudiar el fen\u00f3meno de la soledad desde una perspectiva psicosocial, as\u00ed [&hellip;]<\/p>\n","protected":false},"author":1,"featured_media":0,"comment_status":"open","ping_status":"open","sticky":false,"template":"","format":"standard","meta":{"site-sidebar-layout":"default","site-content-layout":"","ast-site-content-layout":"","site-content-style":"default","site-sidebar-style":"default","ast-global-header-display":"","ast-banner-title-visibility":"","ast-main-header-display":"","ast-hfb-above-header-display":"","ast-hfb-below-header-display":"","ast-hfb-mobile-header-display":"","site-post-title":"","ast-breadcrumbs-content":"","ast-featured-img":"","footer-sml-layout":"","theme-transparent-header-meta":"","adv-header-id-meta":"","stick-header-meta":"","header-above-stick-meta":"","header-main-stick-meta":"","header-below-stick-meta":"","astra-migrate-meta-layouts":"default","ast-page-background-enabled":"default","ast-page-background-meta":{"desktop":{"background-color":"var(--ast-global-color-4)","background-image":"","background-repeat":"repeat","background-position":"center center","background-size":"auto","background-attachment":"scroll","background-type":"","background-media":"","overlay-type":"","overlay-color":"","overlay-gradient":""},"tablet":{"background-color":"","background-image":"","background-repeat":"repeat","background-position":"center center","background-size":"auto","background-attachment":"scroll","background-type":"","background-media":"","overlay-type":"","overlay-color":"","overlay-gradient":""},"mobile":{"background-color":"","background-image":"","background-repeat":"repeat","background-position":"center center","background-size":"auto","background-attachment":"scroll","background-type":"","background-media":"","overlay-type":"","overlay-color":"","overlay-gradient":""}},"ast-content-background-meta":{"desktop":{"background-color":"var(--ast-global-color-5)","background-image":"","background-repeat":"repeat","background-position":"center center","background-size":"auto","background-attachment":"scroll","background-type":"","background-media":"","overlay-type":"","overlay-color":"","overlay-gradient":""},"tablet":{"background-color":"var(--ast-global-color-5)","background-image":"","background-repeat":"repeat","background-position":"center center","background-size":"auto","background-attachment":"scroll","background-type":"","background-media":"","overlay-type":"","overlay-color":"","overlay-gradient":""},"mobile":{"background-color":"var(--ast-global-color-5)","background-image":"","background-repeat":"repeat","background-position":"center center","background-size":"auto","background-attachment":"scroll","background-type":"","background-media":"","overlay-type":"","overlay-color":"","overlay-gradient":""}},"footnotes":""},"categories":[6025,324,996],"tags":[76536,2874,13066,38999,17252,58447],"class_list":["post-33868","post","type-post","status-publish","format-standard","hentry","category-estudio-psicologico-de-cuestiones-sociales","category-psicologia","category-psicologia-social","tag-francisca-exposito-jimenez","tag-jose-francisco-morales-dominguez","tag-jose-miguel-fernandez-dols","tag-Martinez-garcia-manuel-francisco","tag-miguel-moya-morales","tag-ma-isabel-hombrados-mendieta"],"_links":{"self":[{"href":"https:\/\/www.deberes.net\/tesis\/wp-json\/wp\/v2\/posts\/33868","targetHints":{"allow":["GET"]}}],"collection":[{"href":"https:\/\/www.deberes.net\/tesis\/wp-json\/wp\/v2\/posts"}],"about":[{"href":"https:\/\/www.deberes.net\/tesis\/wp-json\/wp\/v2\/types\/post"}],"author":[{"embeddable":true,"href":"https:\/\/www.deberes.net\/tesis\/wp-json\/wp\/v2\/users\/1"}],"replies":[{"embeddable":true,"href":"https:\/\/www.deberes.net\/tesis\/wp-json\/wp\/v2\/comments?post=33868"}],"version-history":[{"count":0,"href":"https:\/\/www.deberes.net\/tesis\/wp-json\/wp\/v2\/posts\/33868\/revisions"}],"wp:attachment":[{"href":"https:\/\/www.deberes.net\/tesis\/wp-json\/wp\/v2\/media?parent=33868"}],"wp:term":[{"taxonomy":"category","embeddable":true,"href":"https:\/\/www.deberes.net\/tesis\/wp-json\/wp\/v2\/categories?post=33868"},{"taxonomy":"post_tag","embeddable":true,"href":"https:\/\/www.deberes.net\/tesis\/wp-json\/wp\/v2\/tags?post=33868"}],"curies":[{"name":"wp","href":"https:\/\/api.w.org\/{rel}","templated":true}]}}