{"id":33873,"date":"1998-01-01T00:00:00","date_gmt":"1998-01-01T00:00:00","guid":{"rendered":"https:\/\/www.deberes.net\/tesis\/sin-categoria\/granada-estructura-de-un-espacio-metropolitano\/"},"modified":"1998-01-01T00:00:00","modified_gmt":"1998-01-01T00:00:00","slug":"granada-estructura-de-un-espacio-metropolitano","status":"publish","type":"post","link":"https:\/\/www.deberes.net\/tesis\/ciencias-de-las-artes-y-las-letras\/granada-estructura-de-un-espacio-metropolitano\/","title":{"rendered":"Granada: estructura de un espacio metropolitano."},"content":{"rendered":"<h2>Tesis doctoral de <strong> Angel Fernandez Avidad <\/strong><\/h2>\n<p>El trabajo, que se presenta como tesis, para la obtenci\u00f3n del grado de dr., Supone en primer lugar, el hallazgo del concepto de fragmento, que por su novedad conceptual y su adecuaci\u00f3n al an\u00e1lisis del territorio constituido por el \u00e1rea ge\u00f3grafica de granada, que comprende un conjunto de nucleos urbanos implantados sobre el piedemonte de sierra nevada, la confluencia de los rios, genil, darro y beiro, constituye, en la planicie de la vega, un conjunto complejo e interrelacionado, sirve como base para el planteamiento del estudio.  la descripci\u00f3n del fen\u00f3meno de implantaci\u00f3n de los n\u00facleos urbanos, en el alfoz de granada, y la aplicaci\u00f3n de la model\u00edstica cuadricular, a un territorio complejo, desde su vertiente hist\u00f3rica y contemplando su evoluci\u00f3n, como sistema, supone la conexi\u00f3n, que creo, definitiva, entre el an\u00e1lisis meramente geogr\u00e1fico, interesante por dem\u00e1s, con el an\u00e1lisis esencialmente urban\u00edstico.  la complejidad del fen\u00f3meno metropolitano, est\u00e1 en este trabajo, admirablemente descrita, tanto desde el punto de vista geogr\u00e1fico-territorial, como en lo que se refiere a su evoluci\u00f3n hist\u00f3rica y ello permite comprender el fen\u00f3meno de implantaci\u00f3n metropolitana, que se comprueba, sobre este territorio.<\/p>\n<p>&nbsp;<\/p>\n<h3>Datos acad\u00e9micos de la tesis doctoral \u00ab<strong>Granada: estructura de un espacio metropolitano.<\/strong>\u00ab<\/h3>\n<ul>\n<li><strong>T\u00edtulo de la tesis:<\/strong>\u00a0 Granada: estructura de un espacio metropolitano. <\/li>\n<li><strong>Autor:<\/strong>\u00a0 Angel Fernandez Avidad <\/li>\n<li><strong>Universidad:<\/strong>\u00a0 Granada<\/li>\n<li><strong>Fecha de lectura de la tesis:<\/strong>\u00a0 01\/01\/1998<\/li>\n<\/ul>\n<p>&nbsp;<\/p>\n<h3>Direcci\u00f3n y tribunal<\/h3>\n<ul>\n<li><strong>Director de la tesis<\/strong>\n<ul>\n<li>Marcelino Martin Montero<\/li>\n<\/ul>\n<\/li>\n<li><strong>Tribunal<\/strong>\n<ul>\n<li>Presidente del tribunal: Francisco Ortega Alba <\/li>\n<li>Luis Recuenco Aguado (vocal)<\/li>\n<li>Victor Perez Escolano (vocal)<\/li>\n<li>Angel Isac Martinez De Carvajal (vocal)<\/li>\n<\/ul>\n<\/li>\n<\/ul>\n<p>&nbsp;<\/p>\n","protected":false},"excerpt":{"rendered":"<p>Tesis doctoral de Angel Fernandez Avidad El trabajo, que se presenta como tesis, para la obtenci\u00f3n del grado de dr., [&hellip;]<\/p>\n","protected":false},"author":1,"featured_media":0,"comment_status":"open","ping_status":"open","sticky":false,"template":"","format":"standard","meta":{"site-sidebar-layout":"default","site-content-layout":"","ast-site-content-layout":"","site-content-style":"default","site-sidebar-style":"default","ast-global-header-display":"","ast-banner-title-visibility":"","ast-main-header-display":"","ast-hfb-above-header-display":"","ast-hfb-below-header-display":"","ast-hfb-mobile-header-display":"","site-post-title":"","ast-breadcrumbs-content":"","ast-featured-img":"","footer-sml-layout":"","theme-transparent-header-meta":"","adv-header-id-meta":"","stick-header-meta":"","header-above-stick-meta":"","header-main-stick-meta":"","header-below-stick-meta":"","astra-migrate-meta-layouts":"default","ast-page-background-enabled":"default","ast-page-background-meta":{"desktop":{"background-color":"var(--ast-global-color-4)","background-image":"","background-repeat":"repeat","background-position":"center center","background-size":"auto","background-attachment":"scroll","background-type":"","background-media":"","overlay-type":"","overlay-color":"","overlay-gradient":""},"tablet":{"background-color":"","background-image":"","background-repeat":"repeat","background-position":"center center","background-size":"auto","background-attachment":"scroll","background-type":"","background-media":"","overlay-type":"","overlay-color":"","overlay-gradient":""},"mobile":{"background-color":"","background-image":"","background-repeat":"repeat","background-position":"center center","background-size":"auto","background-attachment":"scroll","background-type":"","background-media":"","overlay-type":"","overlay-color":"","overlay-gradient":""}},"ast-content-background-meta":{"desktop":{"background-color":"var(--ast-global-color-5)","background-image":"","background-repeat":"repeat","background-position":"center center","background-size":"auto","background-attachment":"scroll","background-type":"","background-media":"","overlay-type":"","overlay-color":"","overlay-gradient":""},"tablet":{"background-color":"var(--ast-global-color-5)","background-image":"","background-repeat":"repeat","background-position":"center center","background-size":"auto","background-attachment":"scroll","background-type":"","background-media":"","overlay-type":"","overlay-color":"","overlay-gradient":""},"mobile":{"background-color":"var(--ast-global-color-5)","background-image":"","background-repeat":"repeat","background-position":"center center","background-size":"auto","background-attachment":"scroll","background-type":"","background-media":"","overlay-type":"","overlay-color":"","overlay-gradient":""}},"footnotes":""},"categories":[4509,147,5371],"tags":[92006,21725,92007,18173,16396,11230],"class_list":["post-33873","post","type-post","status-publish","format-standard","hentry","category-arquitectura","category-ciencias-de-las-artes-y-las-letras","category-urbanismo","tag-angel-fernandez-avidad","tag-angel-isac-Martinez-de-carvajal","tag-francisco-ortega-alba","tag-luis-recuenco-aguado","tag-marcelino-martin-montero","tag-victor-perez-escolano"],"_links":{"self":[{"href":"https:\/\/www.deberes.net\/tesis\/wp-json\/wp\/v2\/posts\/33873","targetHints":{"allow":["GET"]}}],"collection":[{"href":"https:\/\/www.deberes.net\/tesis\/wp-json\/wp\/v2\/posts"}],"about":[{"href":"https:\/\/www.deberes.net\/tesis\/wp-json\/wp\/v2\/types\/post"}],"author":[{"embeddable":true,"href":"https:\/\/www.deberes.net\/tesis\/wp-json\/wp\/v2\/users\/1"}],"replies":[{"embeddable":true,"href":"https:\/\/www.deberes.net\/tesis\/wp-json\/wp\/v2\/comments?post=33873"}],"version-history":[{"count":0,"href":"https:\/\/www.deberes.net\/tesis\/wp-json\/wp\/v2\/posts\/33873\/revisions"}],"wp:attachment":[{"href":"https:\/\/www.deberes.net\/tesis\/wp-json\/wp\/v2\/media?parent=33873"}],"wp:term":[{"taxonomy":"category","embeddable":true,"href":"https:\/\/www.deberes.net\/tesis\/wp-json\/wp\/v2\/categories?post=33873"},{"taxonomy":"post_tag","embeddable":true,"href":"https:\/\/www.deberes.net\/tesis\/wp-json\/wp\/v2\/tags?post=33873"}],"curies":[{"name":"wp","href":"https:\/\/api.w.org\/{rel}","templated":true}]}}