{"id":33887,"date":"1998-01-01T00:00:00","date_gmt":"1998-01-01T00:00:00","guid":{"rendered":"https:\/\/www.deberes.net\/tesis\/sin-categoria\/literatura-e-ideologia-para-una-aproximacion-critica-e-historica-a-la-poesia-de-vicente-aleixandre\/"},"modified":"1998-01-01T00:00:00","modified_gmt":"1998-01-01T00:00:00","slug":"literatura-e-ideologia-para-una-aproximacion-critica-e-historica-a-la-poesia-de-vicente-aleixandre","status":"publish","type":"post","link":"https:\/\/www.deberes.net\/tesis\/historia\/literatura-e-ideologia-para-una-aproximacion-critica-e-historica-a-la-poesia-de-vicente-aleixandre\/","title":{"rendered":"Literatura e ideolog\u00eda. para una aproximacion critica e historica a la poesia de vicente aleixandre."},"content":{"rendered":"<h2>Tesis doctoral de <strong>  Garcia Garcia Miguel Angel <\/strong><\/h2>\n<p>Se trata de una aproximaci\u00f3n cr\u00edtica e hist\u00f3rica a la poes\u00eda de aleixandre, es decir, una lectura de las lecturas cr\u00edticas existentes y un an\u00e1lisis de las condiciones de producci\u00f3n de los textos del autor en el amplio contexto de las ideolog\u00edas po\u00e9ticas del siglo xx en espa\u00f1a.  para cumplir con este plan se han analizado los mitos fundamentales de la norma po\u00e9tica contempor\u00e1nea: las vanguardias y la ideolog\u00eda de la forma, sea a trav\u00e9s de las pr\u00e1cticas deshumanizadas o puras, sea a trav\u00e9s de la categor\u00eda de libertad en la escritura; la ideolog\u00eda de la vida, como signo distintivo de la producci\u00f3n del autor y, en fin, el paradigma realista e hist\u00f3rico de posguerra y su corte con el momento neovanguardista de los a\u00f1os 70.  en definitiva, un estudio sobre la poes\u00eda del 27 y sobre la poes\u00eda de aleixandre, ahora que se cumplen 70 a\u00f1os del nacimiento de la generaci\u00f3n y 20 de la concesi\u00f3n del nobel a nuestro autor.<\/p>\n<p>&nbsp;<\/p>\n<h3>Datos acad\u00e9micos de la tesis doctoral \u00ab<strong>Literatura e ideolog\u00eda. para una aproximacion critica e historica a la poesia de vicente aleixandre.<\/strong>\u00ab<\/h3>\n<ul>\n<li><strong>T\u00edtulo de la tesis:<\/strong>\u00a0 Literatura e ideolog\u00eda. para una aproximacion critica e historica a la poesia de vicente aleixandre. <\/li>\n<li><strong>Autor:<\/strong>\u00a0  Garcia Garcia Miguel Angel <\/li>\n<li><strong>Universidad:<\/strong>\u00a0 Granada<\/li>\n<li><strong>Fecha de lectura de la tesis:<\/strong>\u00a0 01\/01\/1998<\/li>\n<\/ul>\n<p>&nbsp;<\/p>\n<h3>Direcci\u00f3n y tribunal<\/h3>\n<ul>\n<li><strong>Director de la tesis<\/strong>\n<ul>\n<li>Juan  Carlos Rodr\u00edguez G\u00f3mez<\/li>\n<\/ul>\n<\/li>\n<li><strong>Tribunal<\/strong>\n<ul>\n<li>Presidente del tribunal: Francisco Jose Diaz De Castro <\/li>\n<li>Antonio S\u00e1nchez Trigueros (vocal)<\/li>\n<li>Andr\u00e9s Soria Olmedo (vocal)<\/li>\n<li>Antonio Jimenez Millan (vocal)<\/li>\n<\/ul>\n<\/li>\n<\/ul>\n<p>&nbsp;<\/p>\n","protected":false},"excerpt":{"rendered":"<p>Tesis doctoral de Garcia Garcia Miguel Angel Se trata de una aproximaci\u00f3n cr\u00edtica e hist\u00f3rica a la poes\u00eda de aleixandre, [&hellip;]<\/p>\n","protected":false},"author":1,"featured_media":0,"comment_status":"open","ping_status":"open","sticky":false,"template":"","format":"standard","meta":{"site-sidebar-layout":"default","site-content-layout":"","ast-site-content-layout":"","site-content-style":"default","site-sidebar-style":"default","ast-global-header-display":"","ast-banner-title-visibility":"","ast-main-header-display":"","ast-hfb-above-header-display":"","ast-hfb-below-header-display":"","ast-hfb-mobile-header-display":"","site-post-title":"","ast-breadcrumbs-content":"","ast-featured-img":"","footer-sml-layout":"","theme-transparent-header-meta":"","adv-header-id-meta":"","stick-header-meta":"","header-above-stick-meta":"","header-main-stick-meta":"","header-below-stick-meta":"","astra-migrate-meta-layouts":"default","ast-page-background-enabled":"default","ast-page-background-meta":{"desktop":{"background-color":"var(--ast-global-color-4)","background-image":"","background-repeat":"repeat","background-position":"center center","background-size":"auto","background-attachment":"scroll","background-type":"","background-media":"","overlay-type":"","overlay-color":"","overlay-gradient":""},"tablet":{"background-color":"","background-image":"","background-repeat":"repeat","background-position":"center center","background-size":"auto","background-attachment":"scroll","background-type":"","background-media":"","overlay-type":"","overlay-color":"","overlay-gradient":""},"mobile":{"background-color":"","background-image":"","background-repeat":"repeat","background-position":"center center","background-size":"auto","background-attachment":"scroll","background-type":"","background-media":"","overlay-type":"","overlay-color":"","overlay-gradient":""}},"ast-content-background-meta":{"desktop":{"background-color":"var(--ast-global-color-5)","background-image":"","background-repeat":"repeat","background-position":"center center","background-size":"auto","background-attachment":"scroll","background-type":"","background-media":"","overlay-type":"","overlay-color":"","overlay-gradient":""},"tablet":{"background-color":"var(--ast-global-color-5)","background-image":"","background-repeat":"repeat","background-position":"center center","background-size":"auto","background-attachment":"scroll","background-type":"","background-media":"","overlay-type":"","overlay-color":"","overlay-gradient":""},"mobile":{"background-color":"var(--ast-global-color-5)","background-image":"","background-repeat":"repeat","background-position":"center center","background-size":"auto","background-attachment":"scroll","background-type":"","background-media":"","overlay-type":"","overlay-color":"","overlay-gradient":""}},"footnotes":""},"categories":[104,1867,222],"tags":[3571,18880,3573,12630,85059,22294],"class_list":["post-33887","post","type-post","status-publish","format-standard","hentry","category-historia","category-historia-de-la-literatura-espanola","category-historias-especializadas","tag-andres-soria-olmedo","tag-antonio-jimenez-millan","tag-antonio-sanchez-trigueros","tag-francisco-jose-diaz-de-castro","tag-garcia-garcia-miguel-angel","tag-juan-carlos-rodriguez-gomez"],"_links":{"self":[{"href":"https:\/\/www.deberes.net\/tesis\/wp-json\/wp\/v2\/posts\/33887","targetHints":{"allow":["GET"]}}],"collection":[{"href":"https:\/\/www.deberes.net\/tesis\/wp-json\/wp\/v2\/posts"}],"about":[{"href":"https:\/\/www.deberes.net\/tesis\/wp-json\/wp\/v2\/types\/post"}],"author":[{"embeddable":true,"href":"https:\/\/www.deberes.net\/tesis\/wp-json\/wp\/v2\/users\/1"}],"replies":[{"embeddable":true,"href":"https:\/\/www.deberes.net\/tesis\/wp-json\/wp\/v2\/comments?post=33887"}],"version-history":[{"count":0,"href":"https:\/\/www.deberes.net\/tesis\/wp-json\/wp\/v2\/posts\/33887\/revisions"}],"wp:attachment":[{"href":"https:\/\/www.deberes.net\/tesis\/wp-json\/wp\/v2\/media?parent=33887"}],"wp:term":[{"taxonomy":"category","embeddable":true,"href":"https:\/\/www.deberes.net\/tesis\/wp-json\/wp\/v2\/categories?post=33887"},{"taxonomy":"post_tag","embeddable":true,"href":"https:\/\/www.deberes.net\/tesis\/wp-json\/wp\/v2\/tags?post=33887"}],"curies":[{"name":"wp","href":"https:\/\/api.w.org\/{rel}","templated":true}]}}