{"id":33918,"date":"1998-01-01T00:00:00","date_gmt":"1998-01-01T00:00:00","guid":{"rendered":"https:\/\/www.deberes.net\/tesis\/sin-categoria\/transformaciones-en-la-imagen-de-la-ciudad-de-granada-a-traves-de-la-estampa-y-la-fotografia\/"},"modified":"1998-01-01T00:00:00","modified_gmt":"1998-01-01T00:00:00","slug":"transformaciones-en-la-imagen-de-la-ciudad-de-granada-a-traves-de-la-estampa-y-la-fotografia","status":"publish","type":"post","link":"https:\/\/www.deberes.net\/tesis\/ciencias-de-las-artes-y-las-letras\/transformaciones-en-la-imagen-de-la-ciudad-de-granada-a-traves-de-la-estampa-y-la-fotografia\/","title":{"rendered":"Transformaciones en la imagen de la ciudad de granada a traves de la estampa y la fotografia."},"content":{"rendered":"<h2>Tesis doctoral de <strong> Carlos Jimenez Martin <\/strong><\/h2>\n<p>Reflexi\u00f3n documentada sobre los cambios sufrido en la ciudad de granada en la d\u00e9cada 1987-97.  la tesis consta de dos partes diferenciadas: la literaria (datos obtenidos de anteriores estudios criticos sobre la ciudad y noticias puntuales extraidas de la prensa actual) y la gr\u00e1fica (levantamiento de una amplia documentaci\u00f3n fotogr\u00e1fica contrastada, en ocasiones, con litograf\u00edas o grabados de \u00e9poca).  ambas partes se articulan ofreciendo un paisaje puntillista y cr\u00edtico de la actualidad urban\u00edstica de la ciudad.<\/p>\n<p>&nbsp;<\/p>\n<h3>Datos acad\u00e9micos de la tesis doctoral \u00ab<strong>Transformaciones en la imagen de la ciudad de granada a traves de la estampa y la fotografia.<\/strong>\u00ab<\/h3>\n<ul>\n<li><strong>T\u00edtulo de la tesis:<\/strong>\u00a0 Transformaciones en la imagen de la ciudad de granada a traves de la estampa y la fotografia. <\/li>\n<li><strong>Autor:<\/strong>\u00a0 Carlos Jimenez Martin <\/li>\n<li><strong>Universidad:<\/strong>\u00a0 Granada<\/li>\n<li><strong>Fecha de lectura de la tesis:<\/strong>\u00a0 01\/01\/1998<\/li>\n<\/ul>\n<p>&nbsp;<\/p>\n<h3>Direcci\u00f3n y tribunal<\/h3>\n<ul>\n<li><strong>Director de la tesis<\/strong>\n<ul>\n<li>Alfonso Jimenez Martin<\/li>\n<\/ul>\n<\/li>\n<li><strong>Tribunal<\/strong>\n<ul>\n<li>Presidente del tribunal: Antonio P\u00e9rez Pineda <\/li>\n<li> Carceles Pascual Juan  Francisco (vocal)<\/li>\n<li>Ricardo Marin Viadel (vocal)<\/li>\n<li>Antonio Agudo Tercero (vocal)<\/li>\n<\/ul>\n<\/li>\n<\/ul>\n<p>&nbsp;<\/p>\n","protected":false},"excerpt":{"rendered":"<p>Tesis doctoral de Carlos Jimenez Martin Reflexi\u00f3n documentada sobre los cambios sufrido en la ciudad de granada en la d\u00e9cada [&hellip;]<\/p>\n","protected":false},"author":1,"featured_media":0,"comment_status":"open","ping_status":"open","sticky":false,"template":"","format":"standard","meta":{"site-sidebar-layout":"default","site-content-layout":"","ast-site-content-layout":"","site-content-style":"default","site-sidebar-style":"default","ast-global-header-display":"","ast-banner-title-visibility":"","ast-main-header-display":"","ast-hfb-above-header-display":"","ast-hfb-below-header-display":"","ast-hfb-mobile-header-display":"","site-post-title":"","ast-breadcrumbs-content":"","ast-featured-img":"","footer-sml-layout":"","theme-transparent-header-meta":"","adv-header-id-meta":"","stick-header-meta":"","header-above-stick-meta":"","header-main-stick-meta":"","header-below-stick-meta":"","astra-migrate-meta-layouts":"default","ast-page-background-enabled":"default","ast-page-background-meta":{"desktop":{"background-color":"var(--ast-global-color-4)","background-image":"","background-repeat":"repeat","background-position":"center center","background-size":"auto","background-attachment":"scroll","background-type":"","background-media":"","overlay-type":"","overlay-color":"","overlay-gradient":""},"tablet":{"background-color":"","background-image":"","background-repeat":"repeat","background-position":"center center","background-size":"auto","background-attachment":"scroll","background-type":"","background-media":"","overlay-type":"","overlay-color":"","overlay-gradient":""},"mobile":{"background-color":"","background-image":"","background-repeat":"repeat","background-position":"center center","background-size":"auto","background-attachment":"scroll","background-type":"","background-media":"","overlay-type":"","overlay-color":"","overlay-gradient":""}},"ast-content-background-meta":{"desktop":{"background-color":"var(--ast-global-color-5)","background-image":"","background-repeat":"repeat","background-position":"center center","background-size":"auto","background-attachment":"scroll","background-type":"","background-media":"","overlay-type":"","overlay-color":"","overlay-gradient":""},"tablet":{"background-color":"var(--ast-global-color-5)","background-image":"","background-repeat":"repeat","background-position":"center center","background-size":"auto","background-attachment":"scroll","background-type":"","background-media":"","overlay-type":"","overlay-color":"","overlay-gradient":""},"mobile":{"background-color":"var(--ast-global-color-5)","background-image":"","background-repeat":"repeat","background-position":"center center","background-size":"auto","background-attachment":"scroll","background-type":"","background-media":"","overlay-type":"","overlay-color":"","overlay-gradient":""}},"footnotes":""},"categories":[147,4100,5270,1111],"tags":[4517,31965,3808,66341,66343,4102],"class_list":["post-33918","post","type-post","status-publish","format-standard","hentry","category-ciencias-de-las-artes-y-las-letras","category-dibujo-y-grabado","category-fotografia","category-teoria-analisis-y-critica-de-las-bellas-artes","tag-alfonso-jimenez-martin","tag-antonio-agudo-tercero","tag-antonio-perez-pineda","tag-carceles-pascual-juan-francisco","tag-carlos-jimenez-martin","tag-ricardo-marin-viadel"],"_links":{"self":[{"href":"https:\/\/www.deberes.net\/tesis\/wp-json\/wp\/v2\/posts\/33918","targetHints":{"allow":["GET"]}}],"collection":[{"href":"https:\/\/www.deberes.net\/tesis\/wp-json\/wp\/v2\/posts"}],"about":[{"href":"https:\/\/www.deberes.net\/tesis\/wp-json\/wp\/v2\/types\/post"}],"author":[{"embeddable":true,"href":"https:\/\/www.deberes.net\/tesis\/wp-json\/wp\/v2\/users\/1"}],"replies":[{"embeddable":true,"href":"https:\/\/www.deberes.net\/tesis\/wp-json\/wp\/v2\/comments?post=33918"}],"version-history":[{"count":0,"href":"https:\/\/www.deberes.net\/tesis\/wp-json\/wp\/v2\/posts\/33918\/revisions"}],"wp:attachment":[{"href":"https:\/\/www.deberes.net\/tesis\/wp-json\/wp\/v2\/media?parent=33918"}],"wp:term":[{"taxonomy":"category","embeddable":true,"href":"https:\/\/www.deberes.net\/tesis\/wp-json\/wp\/v2\/categories?post=33918"},{"taxonomy":"post_tag","embeddable":true,"href":"https:\/\/www.deberes.net\/tesis\/wp-json\/wp\/v2\/tags?post=33918"}],"curies":[{"name":"wp","href":"https:\/\/api.w.org\/{rel}","templated":true}]}}