{"id":33931,"date":"1998-01-01T00:00:00","date_gmt":"1998-01-01T00:00:00","guid":{"rendered":"https:\/\/www.deberes.net\/tesis\/sin-categoria\/educacion-y-educacion-literaria-en-la-institucion-libre-de-ensenanza\/"},"modified":"1998-01-01T00:00:00","modified_gmt":"1998-01-01T00:00:00","slug":"educacion-y-educacion-literaria-en-la-institucion-libre-de-ensenanza","status":"publish","type":"post","link":"https:\/\/www.deberes.net\/tesis\/historia\/educacion-y-educacion-literaria-en-la-institucion-libre-de-ensenanza\/","title":{"rendered":"Educacion y educacion literaria en la institucion libre de ense\u00f1anza."},"content":{"rendered":"<h2>Tesis doctoral de <strong> Rita Mariscal Mu\u00f1oz <\/strong><\/h2>\n<p>Esta tesis recoge las concepciones te\u00f3ricas y las realizaciones pr\u00e1cticas de la instituci\u00f3n libre de ense\u00f1anza sobre la educaci\u00f3n en general y la educaci\u00f3n literaria en particular. Se centra en ofrecer como objetivo principal una sistematizaci\u00f3n de la doctrina pedag\u00f3gica de la ile y sus realizaciones pr\u00e1cticas en el campo de la educaci\u00f3n y la educaci\u00f3n literaria, situando a la instituci\u00f3n en su momento hist\u00f3rico concreto y abordando las relaciones directas con el ambiente cultural en que naci\u00f3 y vivi\u00f3 inmersa.  este estudio se ha realizado desde cuatro frentes que se han cre\u00eddo imprescindibles para tal realizaci\u00f3n: la historia social y cultural del siglo xix, la producci\u00f3n literaria m\u00e1s significativa del momento referida al realismo y noventayochismo espa\u00f1ol, la doctrina pedag\u00f3gica y las realizaciones concretas en los \u00e1mbitos p\u00fablico y privado y los testimonios de las personalidades m\u00e1s relevantes del momento relacionados con el tema de estudio.<\/p>\n<p>&nbsp;<\/p>\n<h3>Datos acad\u00e9micos de la tesis doctoral \u00ab<strong>Educacion y educacion literaria en la institucion libre de ense\u00f1anza.<\/strong>\u00ab<\/h3>\n<ul>\n<li><strong>T\u00edtulo de la tesis:<\/strong>\u00a0 Educacion y educacion literaria en la institucion libre de ense\u00f1anza. <\/li>\n<li><strong>Autor:<\/strong>\u00a0 Rita Mariscal Mu\u00f1oz <\/li>\n<li><strong>Universidad:<\/strong>\u00a0 Granada<\/li>\n<li><strong>Fecha de lectura de la tesis:<\/strong>\u00a0 01\/01\/1998<\/li>\n<\/ul>\n<p>&nbsp;<\/p>\n<h3>Direcci\u00f3n y tribunal<\/h3>\n<ul>\n<li><strong>Director de la tesis<\/strong>\n<ul>\n<li>Antonio S\u00e1nchez Trigueros<\/li>\n<\/ul>\n<\/li>\n<li><strong>Tribunal<\/strong>\n<ul>\n<li>Presidente del tribunal: Antonio Gallego Morell <\/li>\n<li>Mercedes Vico Monteoliva (vocal)<\/li>\n<li>Juan  Carlos Rodr\u00edguez G\u00f3mez (vocal)<\/li>\n<li> Valles Calatrava Jos\u00e9 M. (vocal)<\/li>\n<\/ul>\n<\/li>\n<\/ul>\n<p>&nbsp;<\/p>\n","protected":false},"excerpt":{"rendered":"<p>Tesis doctoral de Rita Mariscal Mu\u00f1oz Esta tesis recoge las concepciones te\u00f3ricas y las realizaciones pr\u00e1cticas de la instituci\u00f3n libre [&hellip;]<\/p>\n","protected":false},"author":1,"featured_media":0,"comment_status":"open","ping_status":"open","sticky":false,"template":"","format":"standard","meta":{"site-sidebar-layout":"default","site-content-layout":"","ast-site-content-layout":"","site-content-style":"default","site-sidebar-style":"default","ast-global-header-display":"","ast-banner-title-visibility":"","ast-main-header-display":"","ast-hfb-above-header-display":"","ast-hfb-below-header-display":"","ast-hfb-mobile-header-display":"","site-post-title":"","ast-breadcrumbs-content":"","ast-featured-img":"","footer-sml-layout":"","theme-transparent-header-meta":"","adv-header-id-meta":"","stick-header-meta":"","header-above-stick-meta":"","header-main-stick-meta":"","header-below-stick-meta":"","astra-migrate-meta-layouts":"default","ast-page-background-enabled":"default","ast-page-background-meta":{"desktop":{"background-color":"var(--ast-global-color-4)","background-image":"","background-repeat":"repeat","background-position":"center center","background-size":"auto","background-attachment":"scroll","background-type":"","background-media":"","overlay-type":"","overlay-color":"","overlay-gradient":""},"tablet":{"background-color":"","background-image":"","background-repeat":"repeat","background-position":"center center","background-size":"auto","background-attachment":"scroll","background-type":"","background-media":"","overlay-type":"","overlay-color":"","overlay-gradient":""},"mobile":{"background-color":"","background-image":"","background-repeat":"repeat","background-position":"center center","background-size":"auto","background-attachment":"scroll","background-type":"","background-media":"","overlay-type":"","overlay-color":"","overlay-gradient":""}},"ast-content-background-meta":{"desktop":{"background-color":"var(--ast-global-color-5)","background-image":"","background-repeat":"repeat","background-position":"center center","background-size":"auto","background-attachment":"scroll","background-type":"","background-media":"","overlay-type":"","overlay-color":"","overlay-gradient":""},"tablet":{"background-color":"var(--ast-global-color-5)","background-image":"","background-repeat":"repeat","background-position":"center center","background-size":"auto","background-attachment":"scroll","background-type":"","background-media":"","overlay-type":"","overlay-color":"","overlay-gradient":""},"mobile":{"background-color":"var(--ast-global-color-5)","background-image":"","background-repeat":"repeat","background-position":"center center","background-size":"auto","background-attachment":"scroll","background-type":"","background-media":"","overlay-type":"","overlay-color":"","overlay-gradient":""}},"footnotes":""},"categories":[104,311,222,2233,1141,1341],"tags":[35459,3573,22294,10730,92096,92097],"class_list":["post-33931","post","type-post","status-publish","format-standard","hentry","category-historia","category-historia-de-la-educacion","category-historias-especializadas","category-metodos-pedagogicos","category-pedagogia","category-teoria-y-metodos-educativos","tag-antonio-gallego-morell","tag-antonio-sanchez-trigueros","tag-juan-carlos-rodriguez-gomez","tag-mercedes-vico-monteoliva","tag-rita-mariscal-munoz","tag-valles-calatrava-jose-m"],"_links":{"self":[{"href":"https:\/\/www.deberes.net\/tesis\/wp-json\/wp\/v2\/posts\/33931","targetHints":{"allow":["GET"]}}],"collection":[{"href":"https:\/\/www.deberes.net\/tesis\/wp-json\/wp\/v2\/posts"}],"about":[{"href":"https:\/\/www.deberes.net\/tesis\/wp-json\/wp\/v2\/types\/post"}],"author":[{"embeddable":true,"href":"https:\/\/www.deberes.net\/tesis\/wp-json\/wp\/v2\/users\/1"}],"replies":[{"embeddable":true,"href":"https:\/\/www.deberes.net\/tesis\/wp-json\/wp\/v2\/comments?post=33931"}],"version-history":[{"count":0,"href":"https:\/\/www.deberes.net\/tesis\/wp-json\/wp\/v2\/posts\/33931\/revisions"}],"wp:attachment":[{"href":"https:\/\/www.deberes.net\/tesis\/wp-json\/wp\/v2\/media?parent=33931"}],"wp:term":[{"taxonomy":"category","embeddable":true,"href":"https:\/\/www.deberes.net\/tesis\/wp-json\/wp\/v2\/categories?post=33931"},{"taxonomy":"post_tag","embeddable":true,"href":"https:\/\/www.deberes.net\/tesis\/wp-json\/wp\/v2\/tags?post=33931"}],"curies":[{"name":"wp","href":"https:\/\/api.w.org\/{rel}","templated":true}]}}