{"id":33980,"date":"1998-01-01T00:00:00","date_gmt":"1998-01-01T00:00:00","guid":{"rendered":"https:\/\/www.deberes.net\/tesis\/sin-categoria\/medida-caracterizacion-y-modelizacion-de-la-irradiancia-termica-atmosferica\/"},"modified":"1998-01-01T00:00:00","modified_gmt":"1998-01-01T00:00:00","slug":"medida-caracterizacion-y-modelizacion-de-la-irradiancia-termica-atmosferica","status":"publish","type":"post","link":"https:\/\/www.deberes.net\/tesis\/ciencias-de-la-tierra-y-del-espacio\/medida-caracterizacion-y-modelizacion-de-la-irradiancia-termica-atmosferica\/","title":{"rendered":"Medida, caracterizacion y modelizacion de la irradiancia termica atmosferica."},"content":{"rendered":"<h2>Tesis doctoral de <strong> Manuel Perez Garcia <\/strong><\/h2>\n<p>Este trabajo de investigaci\u00f3n est\u00e1 dedicado al estudio de la irradiancia t\u00e9rmica atmosf\u00e9rica como una de las componentes del balance radiactivo local. El estudio se centra en la determinaci\u00f3n experimental, la caracterizaci\u00f3n estad\u00edstica b\u00e1sica y la estimaci\u00f3n anal\u00edtica de la radiaci\u00f3n t\u00e9rmica recibida por el terreno u otras superficies (cobertura vegetal, envolventes de edificios, &#8230;), Correspondiente a la emisi\u00f3n propia de determinados componentes atmosf\u00e9ricos, y que est\u00e1 de un proceso f\u00edsico complejo en el que se combinan fen\u00f3menos macrosc\u00f3picos (existencia de determinada estructura vertical en la atm\u00f3sfera) con interacciones moleculares elementales. El inter\u00e9s en el conocimiento de esta componente es evidente a tenor de su influencia en fen\u00f3menos meteorol\u00f3gicos como la formaci\u00f3n de nieblas o la aparici\u00f3n de escarcha, as\u00ed como por su posible aplicaci\u00f3n en recientes desarrollos tecnol\u00f3gicos relacionados con la refrigeraci\u00f3n natural de los edificios, la obtenci\u00f3n de agua a partir de la condensaci\u00f3n del vapor atmosf\u00e9rico o su efecto en el microclima de los cultivos protegidos, cuesti\u00f3n esta \u00faltima de especial relevancia en la zona de aplicaci\u00f3n de la mayor\u00eda de los resultados de este trabajo de investigaci\u00f3n. Por otro lado, la constataci\u00f3n del denominado efecto invernadero atmosf\u00e9rico y el consiguiente calentamiento global de la atm\u00f3sfera, fomentan tambien el interes estos estudios. En cuanto a los resultados, se ha estudiado en profundidad el funcionamiento de uno de los instrumentos de medida m\u00e1s aceptados para la determinaci\u00f3n experimental de la radiaci\u00f3n t\u00e9rmica atmosf\u00e9rica, denominado pirge\u00f3metro, y se ha confirmado la necesidad de correcciones adicionales a la lectura directa del mismo. Se ha constatado tambi\u00e9n la necesidad de m\u00e9todos estandarizados de calibraci\u00f3n, actualmente inexistentes, y se ha elaborado un m\u00e9todo de correcci\u00f3n del error sistem\u00e1tico producido por el cale<\/p>\n<p>&nbsp;<\/p>\n<h3>Datos acad\u00e9micos de la tesis doctoral \u00ab<strong>Medida, caracterizacion y modelizacion de la irradiancia termica atmosferica.<\/strong>\u00ab<\/h3>\n<ul>\n<li><strong>T\u00edtulo de la tesis:<\/strong>\u00a0 Medida, caracterizacion y modelizacion de la irradiancia termica atmosferica. <\/li>\n<li><strong>Autor:<\/strong>\u00a0 Manuel Perez Garcia <\/li>\n<li><strong>Universidad:<\/strong>\u00a0 Granada<\/li>\n<li><strong>Fecha de lectura de la tesis:<\/strong>\u00a0 01\/01\/1998<\/li>\n<\/ul>\n<p>&nbsp;<\/p>\n<h3>Direcci\u00f3n y tribunal<\/h3>\n<ul>\n<li><strong>Director de la tesis<\/strong>\n<ul>\n<li>Lucas Alados Arboledas<\/li>\n<\/ul>\n<\/li>\n<li><strong>Tribunal<\/strong>\n<ul>\n<li>Presidente del tribunal: Gerardo Pardo Sanchez <\/li>\n<li>Alfonso Soler Gomez (vocal)<\/li>\n<li>Javier Romero Mora (vocal)<\/li>\n<li>Mar\u00eda Rosario Heras Celem\u00edn (vocal)<\/li>\n<\/ul>\n<\/li>\n<\/ul>\n<p>&nbsp;<\/p>\n","protected":false},"excerpt":{"rendered":"<p>Tesis doctoral de Manuel Perez Garcia Este trabajo de investigaci\u00f3n est\u00e1 dedicado al estudio de la irradiancia t\u00e9rmica atmosf\u00e9rica como [&hellip;]<\/p>\n","protected":false},"author":1,"featured_media":0,"comment_status":"open","ping_status":"open","sticky":false,"template":"","format":"standard","meta":{"site-sidebar-layout":"default","site-content-layout":"","ast-site-content-layout":"","site-content-style":"default","site-sidebar-style":"default","ast-global-header-display":"","ast-banner-title-visibility":"","ast-main-header-display":"","ast-hfb-above-header-display":"","ast-hfb-below-header-display":"","ast-hfb-mobile-header-display":"","site-post-title":"","ast-breadcrumbs-content":"","ast-featured-img":"","footer-sml-layout":"","theme-transparent-header-meta":"","adv-header-id-meta":"","stick-header-meta":"","header-above-stick-meta":"","header-main-stick-meta":"","header-below-stick-meta":"","astra-migrate-meta-layouts":"default","ast-page-background-enabled":"default","ast-page-background-meta":{"desktop":{"background-color":"var(--ast-global-color-4)","background-image":"","background-repeat":"repeat","background-position":"center center","background-size":"auto","background-attachment":"scroll","background-type":"","background-media":"","overlay-type":"","overlay-color":"","overlay-gradient":""},"tablet":{"background-color":"","background-image":"","background-repeat":"repeat","background-position":"center center","background-size":"auto","background-attachment":"scroll","background-type":"","background-media":"","overlay-type":"","overlay-color":"","overlay-gradient":""},"mobile":{"background-color":"","background-image":"","background-repeat":"repeat","background-position":"center center","background-size":"auto","background-attachment":"scroll","background-type":"","background-media":"","overlay-type":"","overlay-color":"","overlay-gradient":""}},"ast-content-background-meta":{"desktop":{"background-color":"var(--ast-global-color-5)","background-image":"","background-repeat":"repeat","background-position":"center center","background-size":"auto","background-attachment":"scroll","background-type":"","background-media":"","overlay-type":"","overlay-color":"","overlay-gradient":""},"tablet":{"background-color":"var(--ast-global-color-5)","background-image":"","background-repeat":"repeat","background-position":"center center","background-size":"auto","background-attachment":"scroll","background-type":"","background-media":"","overlay-type":"","overlay-color":"","overlay-gradient":""},"mobile":{"background-color":"var(--ast-global-color-5)","background-image":"","background-repeat":"repeat","background-position":"center center","background-size":"auto","background-attachment":"scroll","background-type":"","background-media":"","overlay-type":"","overlay-color":"","overlay-gradient":""}},"footnotes":""},"categories":[950,27,5742,35924,9683],"tags":[21759,3695,21878,21757,84651,15703],"class_list":["post-33980","post","type-post","status-publish","format-standard","hentry","category-ciencias-de-la-atmosfera","category-ciencias-de-la-tierra-y-del-espacio","category-ciencias-geograficas","category-geografia-topografica","category-termodinamica-atmosferica","tag-alfonso-soler-gomez","tag-gerardo-pardo-sanchez","tag-javier-romero-mora","tag-lucas-alados-arboledas","tag-manuel-perez-garcia","tag-maria-rosario-heras-celemin"],"_links":{"self":[{"href":"https:\/\/www.deberes.net\/tesis\/wp-json\/wp\/v2\/posts\/33980","targetHints":{"allow":["GET"]}}],"collection":[{"href":"https:\/\/www.deberes.net\/tesis\/wp-json\/wp\/v2\/posts"}],"about":[{"href":"https:\/\/www.deberes.net\/tesis\/wp-json\/wp\/v2\/types\/post"}],"author":[{"embeddable":true,"href":"https:\/\/www.deberes.net\/tesis\/wp-json\/wp\/v2\/users\/1"}],"replies":[{"embeddable":true,"href":"https:\/\/www.deberes.net\/tesis\/wp-json\/wp\/v2\/comments?post=33980"}],"version-history":[{"count":0,"href":"https:\/\/www.deberes.net\/tesis\/wp-json\/wp\/v2\/posts\/33980\/revisions"}],"wp:attachment":[{"href":"https:\/\/www.deberes.net\/tesis\/wp-json\/wp\/v2\/media?parent=33980"}],"wp:term":[{"taxonomy":"category","embeddable":true,"href":"https:\/\/www.deberes.net\/tesis\/wp-json\/wp\/v2\/categories?post=33980"},{"taxonomy":"post_tag","embeddable":true,"href":"https:\/\/www.deberes.net\/tesis\/wp-json\/wp\/v2\/tags?post=33980"}],"curies":[{"name":"wp","href":"https:\/\/api.w.org\/{rel}","templated":true}]}}