{"id":33983,"date":"1998-01-01T00:00:00","date_gmt":"1998-01-01T00:00:00","guid":{"rendered":"https:\/\/www.deberes.net\/tesis\/sin-categoria\/modelo-cognitivo-cultural-del-dolor-emocional-de-la-lexematica-a-los-modelos-mentales-y-culturales\/"},"modified":"1998-01-01T00:00:00","modified_gmt":"1998-01-01T00:00:00","slug":"modelo-cognitivo-cultural-del-dolor-emocional-de-la-lexematica-a-los-modelos-mentales-y-culturales","status":"publish","type":"post","link":"https:\/\/www.deberes.net\/tesis\/linguistica\/modelo-cognitivo-cultural-del-dolor-emocional-de-la-lexematica-a-los-modelos-mentales-y-culturales\/","title":{"rendered":"Modelo cognitivo-cultural del dolor emocional. de la lexematica a los modelos mentales y culturales."},"content":{"rendered":"<h2>Tesis doctoral de <strong>  Perez Rull Juan  Carmelo <\/strong><\/h2>\n<p>La tesis se centra en el estudio de los adjetivos que denotan \u00abunhappiness\u00bb, descomponiendo cada unidad l\u00e9xica en sus rasgos significativos y estableciendo las redes sem\u00e1nticas existentes entre ellos y, por otro lado, en el estudio cognitivo-cultural del dolor emocional. A trav\u00e9s de los modelos lingu\u00edsticos-cognitivos analizados, ponemos de manifiesto que la gente vivencia los aspectos del significado como algo transparente y motivador, es decir, como experiencia psicosocial y sociocultural, m\u00e1s all\u00e1 de lo que las estructuras lexem\u00e1ticas dicen. Los modelos cognitivo-culturales reflejan el conocimiento de un pueblo determinado a la hora de hablar, inferir e interpretar el lenguaje en general y el dolor emocional en particular.  el estudio se acerca al significado de la experiencia emotiva en cualquier manifestaci\u00f3n lingu\u00edstica: desde la lex\u00eda hasta el discurso libre, desde una \u00f3ptica interdisciplinar que engloba lo lexem\u00e1tico, lo cognitivo y lo cultural.<\/p>\n<p>&nbsp;<\/p>\n<h3>Datos acad\u00e9micos de la tesis doctoral \u00ab<strong>Modelo cognitivo-cultural del dolor emocional. de la lexematica a los modelos mentales y culturales.<\/strong>\u00ab<\/h3>\n<ul>\n<li><strong>T\u00edtulo de la tesis:<\/strong>\u00a0 Modelo cognitivo-cultural del dolor emocional. de la lexematica a los modelos mentales y culturales. <\/li>\n<li><strong>Autor:<\/strong>\u00a0  Perez Rull Juan  Carmelo <\/li>\n<li><strong>Universidad:<\/strong>\u00a0 Granada<\/li>\n<li><strong>Fecha de lectura de la tesis:<\/strong>\u00a0 01\/01\/1998<\/li>\n<\/ul>\n<p>&nbsp;<\/p>\n<h3>Direcci\u00f3n y tribunal<\/h3>\n<ul>\n<li><strong>Director de la tesis<\/strong>\n<ul>\n<li>Jos\u00e9 Manuel Mart\u00edn Morillas<\/li>\n<\/ul>\n<\/li>\n<li><strong>Tribunal<\/strong>\n<ul>\n<li>Presidente del tribunal: Jos\u00e9 Luis Mart\u00ednez-due\u00f1as Espejo <\/li>\n<li>Ricardo Mairal Us\u00f3n (vocal)<\/li>\n<li>Juan  De Dios Luque Duran (vocal)<\/li>\n<li>Jes\u00fas S\u00e1nchez Garc\u00eda (vocal)<\/li>\n<\/ul>\n<\/li>\n<\/ul>\n<p>&nbsp;<\/p>\n","protected":false},"excerpt":{"rendered":"<p>Tesis doctoral de Perez Rull Juan Carmelo La tesis se centra en el estudio de los adjetivos que denotan \u00abunhappiness\u00bb, [&hellip;]<\/p>\n","protected":false},"author":1,"featured_media":0,"comment_status":"open","ping_status":"open","sticky":false,"template":"","format":"standard","meta":{"site-sidebar-layout":"default","site-content-layout":"","ast-site-content-layout":"","site-content-style":"default","site-sidebar-style":"default","ast-global-header-display":"","ast-banner-title-visibility":"","ast-main-header-display":"","ast-hfb-above-header-display":"","ast-hfb-below-header-display":"","ast-hfb-mobile-header-display":"","site-post-title":"","ast-breadcrumbs-content":"","ast-featured-img":"","footer-sml-layout":"","theme-transparent-header-meta":"","adv-header-id-meta":"","stick-header-meta":"","header-above-stick-meta":"","header-main-stick-meta":"","header-below-stick-meta":"","astra-migrate-meta-layouts":"default","ast-page-background-enabled":"default","ast-page-background-meta":{"desktop":{"background-color":"var(--ast-global-color-4)","background-image":"","background-repeat":"repeat","background-position":"center center","background-size":"auto","background-attachment":"scroll","background-type":"","background-media":"","overlay-type":"","overlay-color":"","overlay-gradient":""},"tablet":{"background-color":"","background-image":"","background-repeat":"repeat","background-position":"center center","background-size":"auto","background-attachment":"scroll","background-type":"","background-media":"","overlay-type":"","overlay-color":"","overlay-gradient":""},"mobile":{"background-color":"","background-image":"","background-repeat":"repeat","background-position":"center center","background-size":"auto","background-attachment":"scroll","background-type":"","background-media":"","overlay-type":"","overlay-color":"","overlay-gradient":""}},"ast-content-background-meta":{"desktop":{"background-color":"var(--ast-global-color-5)","background-image":"","background-repeat":"repeat","background-position":"center center","background-size":"auto","background-attachment":"scroll","background-type":"","background-media":"","overlay-type":"","overlay-color":"","overlay-gradient":""},"tablet":{"background-color":"var(--ast-global-color-5)","background-image":"","background-repeat":"repeat","background-position":"center center","background-size":"auto","background-attachment":"scroll","background-type":"","background-media":"","overlay-type":"","overlay-color":"","overlay-gradient":""},"mobile":{"background-color":"var(--ast-global-color-5)","background-image":"","background-repeat":"repeat","background-position":"center center","background-size":"auto","background-attachment":"scroll","background-type":"","background-media":"","overlay-type":"","overlay-color":"","overlay-gradient":""}},"footnotes":""},"categories":[61,59,62,4953],"tags":[4584,39351,22137,3521,92170,2308],"class_list":["post-33983","post","type-post","status-publish","format-standard","hentry","category-lexicologia","category-linguistica","category-linguistica-sincronica","category-psicolinguistica","tag-jesus-sanchez-garcia","tag-jose-luis-Martinez-duenas-espejo","tag-jose-manuel-martin-morillas","tag-juan-de-dios-luque-duran","tag-perez-rull-juan-carmelo","tag-ricardo-mairal-uson"],"_links":{"self":[{"href":"https:\/\/www.deberes.net\/tesis\/wp-json\/wp\/v2\/posts\/33983","targetHints":{"allow":["GET"]}}],"collection":[{"href":"https:\/\/www.deberes.net\/tesis\/wp-json\/wp\/v2\/posts"}],"about":[{"href":"https:\/\/www.deberes.net\/tesis\/wp-json\/wp\/v2\/types\/post"}],"author":[{"embeddable":true,"href":"https:\/\/www.deberes.net\/tesis\/wp-json\/wp\/v2\/users\/1"}],"replies":[{"embeddable":true,"href":"https:\/\/www.deberes.net\/tesis\/wp-json\/wp\/v2\/comments?post=33983"}],"version-history":[{"count":0,"href":"https:\/\/www.deberes.net\/tesis\/wp-json\/wp\/v2\/posts\/33983\/revisions"}],"wp:attachment":[{"href":"https:\/\/www.deberes.net\/tesis\/wp-json\/wp\/v2\/media?parent=33983"}],"wp:term":[{"taxonomy":"category","embeddable":true,"href":"https:\/\/www.deberes.net\/tesis\/wp-json\/wp\/v2\/categories?post=33983"},{"taxonomy":"post_tag","embeddable":true,"href":"https:\/\/www.deberes.net\/tesis\/wp-json\/wp\/v2\/tags?post=33983"}],"curies":[{"name":"wp","href":"https:\/\/api.w.org\/{rel}","templated":true}]}}