{"id":34096,"date":"1998-01-01T00:00:00","date_gmt":"1998-01-01T00:00:00","guid":{"rendered":"https:\/\/www.deberes.net\/tesis\/sin-categoria\/los-vettones-arqueologia-de-un-pueblo-protohistorico\/"},"modified":"1998-01-01T00:00:00","modified_gmt":"1998-01-01T00:00:00","slug":"los-vettones-arqueologia-de-un-pueblo-protohistorico","status":"publish","type":"post","link":"https:\/\/www.deberes.net\/tesis\/historia\/los-vettones-arqueologia-de-un-pueblo-protohistorico\/","title":{"rendered":"Los vettones. arqueolog\u00eda de un pueblo protohistorico."},"content":{"rendered":"<h2>Tesis doctoral de <strong> Jes\u00fas Rafael Alvarez Sanchis <\/strong><\/h2>\n<p>Este trabajo ofrece un an\u00e1lisis arqueol\u00f3gico del primer milenio a.C. En el occidente de la meseta, centrado en el proceso de etnog\u00e9nesis de los pueblos vettones y su evoluci\u00f3n hasta la conquista romana. El solar originario de esta cultura se circunscribe a las altas tierras de avila, salamanca y el valle medio del tajo. La documentaci\u00f3n arqueol\u00f3gica testimonia que la formaci\u00f3n de esta etnia se gest\u00f3 a lo largo de un proceso hist\u00f3rico que hunde sus ra\u00edces en los grupos del bronce final (cogotas i) y de la primera edad del hierro, justo cuando empezamos a encontrar una asociaci\u00f3n regular entre los castros y un \u00e1rea de poblamiento m\u00e1s o menos estable, que incluyen nuevas relaciones de poder. Con todo, la consolidaci\u00f3n definitiva de estos grupos vettones tuvo lugar a partir de mediados del primer milenio a.C. Y fue paralelo al proceso socio-econ\u00f3mico que conocieron otras poblaciones en el marco general de la celtizaci\u00f3n. En t\u00e9rminos arqueol\u00f3gicos, este desarrollo se reconoce por la expansi\u00f3n del ritual incinerador, la metalurgia del hierro, la adopci\u00f3n del torno de alfarero y la potenciaci\u00f3n de algunos asentamientos que, convertidos en oppida, acabar\u00e1n diluy\u00e9ndose con la conquista romana.<\/p>\n<p>&nbsp;<\/p>\n<h3>Datos acad\u00e9micos de la tesis doctoral \u00ab<strong>Los vettones. arqueolog\u00eda de un pueblo protohistorico.<\/strong>\u00ab<\/h3>\n<ul>\n<li><strong>T\u00edtulo de la tesis:<\/strong>\u00a0 Los vettones. arqueolog\u00eda de un pueblo protohistorico. <\/li>\n<li><strong>Autor:<\/strong>\u00a0 Jes\u00fas Rafael Alvarez Sanchis <\/li>\n<li><strong>Universidad:<\/strong>\u00a0 Complutense de Madrid<\/li>\n<li><strong>Fecha de lectura de la tesis:<\/strong>\u00a0 01\/01\/1998<\/li>\n<\/ul>\n<p>&nbsp;<\/p>\n<h3>Direcci\u00f3n y tribunal<\/h3>\n<ul>\n<li><strong>Director de la tesis<\/strong>\n<ul>\n<li>Gonzalo Ruiz Zapatero<\/li>\n<\/ul>\n<\/li>\n<li><strong>Tribunal<\/strong>\n<ul>\n<li>Presidente del tribunal: Martin Almagro Gorbea <\/li>\n<li>Ricardo Martin Valls (vocal)<\/li>\n<li>Francisco Burillo Mozota (vocal)<\/li>\n<li>Angel Esparza Arroyo (vocal)<\/li>\n<\/ul>\n<\/li>\n<\/ul>\n<p>&nbsp;<\/p>\n","protected":false},"excerpt":{"rendered":"<p>Tesis doctoral de Jes\u00fas Rafael Alvarez Sanchis Este trabajo ofrece un an\u00e1lisis arqueol\u00f3gico del primer milenio a.C. En el occidente [&hellip;]<\/p>\n","protected":false},"author":1,"featured_media":0,"comment_status":"open","ping_status":"open","sticky":false,"template":"","format":"standard","meta":{"site-sidebar-layout":"default","site-content-layout":"","ast-site-content-layout":"","site-content-style":"default","site-sidebar-style":"default","ast-global-header-display":"","ast-banner-title-visibility":"","ast-main-header-display":"","ast-hfb-above-header-display":"","ast-hfb-below-header-display":"","ast-hfb-mobile-header-display":"","site-post-title":"","ast-breadcrumbs-content":"","ast-featured-img":"","footer-sml-layout":"","theme-transparent-header-meta":"","adv-header-id-meta":"","stick-header-meta":"","header-above-stick-meta":"","header-main-stick-meta":"","header-below-stick-meta":"","astra-migrate-meta-layouts":"default","ast-page-background-enabled":"default","ast-page-background-meta":{"desktop":{"background-color":"var(--ast-global-color-4)","background-image":"","background-repeat":"repeat","background-position":"center center","background-size":"auto","background-attachment":"scroll","background-type":"","background-media":"","overlay-type":"","overlay-color":"","overlay-gradient":""},"tablet":{"background-color":"","background-image":"","background-repeat":"repeat","background-position":"center center","background-size":"auto","background-attachment":"scroll","background-type":"","background-media":"","overlay-type":"","overlay-color":"","overlay-gradient":""},"mobile":{"background-color":"","background-image":"","background-repeat":"repeat","background-position":"center center","background-size":"auto","background-attachment":"scroll","background-type":"","background-media":"","overlay-type":"","overlay-color":"","overlay-gradient":""}},"ast-content-background-meta":{"desktop":{"background-color":"var(--ast-global-color-5)","background-image":"","background-repeat":"repeat","background-position":"center center","background-size":"auto","background-attachment":"scroll","background-type":"","background-media":"","overlay-type":"","overlay-color":"","overlay-gradient":""},"tablet":{"background-color":"var(--ast-global-color-5)","background-image":"","background-repeat":"repeat","background-position":"center center","background-size":"auto","background-attachment":"scroll","background-type":"","background-media":"","overlay-type":"","overlay-color":"","overlay-gradient":""},"mobile":{"background-color":"var(--ast-global-color-5)","background-image":"","background-repeat":"repeat","background-position":"center center","background-size":"auto","background-attachment":"scroll","background-type":"","background-media":"","overlay-type":"","overlay-color":"","overlay-gradient":""}},"footnotes":""},"categories":[1623,1624,104,220,2635],"tags":[27945,15404,7778,92343,6607,91123],"class_list":["post-34096","post","type-post","status-publish","format-standard","hentry","category-arqueologia","category-ciencias-auxiliares-de-la-historia","category-historia","category-historia-por-epocas","category-prehistoria","tag-angel-esparza-arroyo","tag-francisco-burillo-mozota","tag-gonzalo-ruiz-zapatero","tag-jesus-rafael-alvarez-sanchis","tag-martin-almagro-gorbea","tag-ricardo-martin-valls"],"_links":{"self":[{"href":"https:\/\/www.deberes.net\/tesis\/wp-json\/wp\/v2\/posts\/34096","targetHints":{"allow":["GET"]}}],"collection":[{"href":"https:\/\/www.deberes.net\/tesis\/wp-json\/wp\/v2\/posts"}],"about":[{"href":"https:\/\/www.deberes.net\/tesis\/wp-json\/wp\/v2\/types\/post"}],"author":[{"embeddable":true,"href":"https:\/\/www.deberes.net\/tesis\/wp-json\/wp\/v2\/users\/1"}],"replies":[{"embeddable":true,"href":"https:\/\/www.deberes.net\/tesis\/wp-json\/wp\/v2\/comments?post=34096"}],"version-history":[{"count":0,"href":"https:\/\/www.deberes.net\/tesis\/wp-json\/wp\/v2\/posts\/34096\/revisions"}],"wp:attachment":[{"href":"https:\/\/www.deberes.net\/tesis\/wp-json\/wp\/v2\/media?parent=34096"}],"wp:term":[{"taxonomy":"category","embeddable":true,"href":"https:\/\/www.deberes.net\/tesis\/wp-json\/wp\/v2\/categories?post=34096"},{"taxonomy":"post_tag","embeddable":true,"href":"https:\/\/www.deberes.net\/tesis\/wp-json\/wp\/v2\/tags?post=34096"}],"curies":[{"name":"wp","href":"https:\/\/api.w.org\/{rel}","templated":true}]}}