{"id":34201,"date":"1998-01-01T00:00:00","date_gmt":"1998-01-01T00:00:00","guid":{"rendered":"https:\/\/www.deberes.net\/tesis\/sin-categoria\/el-estado-de-los-soportes-de-informacion-en-portugal\/"},"modified":"1998-01-01T00:00:00","modified_gmt":"1998-01-01T00:00:00","slug":"el-estado-de-los-soportes-de-informacion-en-portugal","status":"publish","type":"post","link":"https:\/\/www.deberes.net\/tesis\/linguistica\/el-estado-de-los-soportes-de-informacion-en-portugal\/","title":{"rendered":"El estado de los soportes de informacion en portugal."},"content":{"rendered":"<h2>Tesis doctoral de <strong>  Correia Goncalves Carlos Cesar <\/strong><\/h2>\n<p>El trabajo de investigaci\u00f3n sobre \u00abel estado de los soportes institucionales de informaci\u00f3n en portugal\u00bb, se inici\u00f3 despu\u00e9s de una revisi\u00f3n bibliogr\u00e1fica intensa sobre investigaci\u00f3n cient\u00edfica, bibliotecas y cdi, archivos hist\u00f3ricos, administrativos, t\u00e9cnicos y cl\u00ednicos. Primero se procedi\u00f3 a la elaboraci\u00f3n de encuestas relativas a esos soportes institucionales, habiendo sido testados antes y enviados para sus destinos. A medida que se iban recibiendo las respuestas de esos cuestionarios, se fueron formulando las hip\u00f3tesis relativas al panorama que se procuraba alcanzar y dominar, y seguidamente las variables que vinieron despu\u00e9s a comprobar lo que hab\u00eda sido preconizado.  se sigui\u00f3 el an\u00e1lisis y tratamiento de los datos recibidos, sac\u00e1ndose de ah\u00ed ilaciones sobre el estado de las bibliotecas, de los cdi, de los archivos hist\u00f3ricos, de los archivos administrativos, de los archivos t\u00e9cnicos y de los archivos cl\u00ednicos, comprobando que muchos de esos soportes de informaci\u00f3n, de una manera general, necesitan, para que funcionen mejor, m\u00e1s espacio, m\u00e1s plantilla especializada y m\u00e1s dinero para adquirir equipamiento de acuerdo con las necesidades.<\/p>\n<p>&nbsp;<\/p>\n<h3>Datos acad\u00e9micos de la tesis doctoral \u00ab<strong>El estado de los soportes de informacion en portugal.<\/strong>\u00ab<\/h3>\n<ul>\n<li><strong>T\u00edtulo de la tesis:<\/strong>\u00a0 El estado de los soportes de informacion en portugal. <\/li>\n<li><strong>Autor:<\/strong>\u00a0  Correia Goncalves Carlos Cesar <\/li>\n<li><strong>Universidad:<\/strong>\u00a0 Complutense de Madrid<\/li>\n<li><strong>Fecha de lectura de la tesis:<\/strong>\u00a0 01\/01\/1998<\/li>\n<\/ul>\n<p>&nbsp;<\/p>\n<h3>Direcci\u00f3n y tribunal<\/h3>\n<ul>\n<li><strong>Director de la tesis<\/strong>\n<ul>\n<li>Felix Sagredo Fernandez<\/li>\n<\/ul>\n<\/li>\n<li><strong>Tribunal<\/strong>\n<ul>\n<li>Presidente del tribunal: Antonio Sanchez Bravo Cenjor <\/li>\n<li>Mar\u00eda Pinto Molina (vocal)<\/li>\n<li>Alfonso Lopez Yepes (vocal)<\/li>\n<li> Izquierdo Arroyo Jos\u00e9 Mar\u00eda (vocal)<\/li>\n<\/ul>\n<\/li>\n<\/ul>\n<p>&nbsp;<\/p>\n","protected":false},"excerpt":{"rendered":"<p>Tesis doctoral de Correia Goncalves Carlos Cesar El trabajo de investigaci\u00f3n sobre \u00abel estado de los soportes institucionales de informaci\u00f3n [&hellip;]<\/p>\n","protected":false},"author":1,"featured_media":0,"comment_status":"open","ping_status":"open","sticky":false,"template":"","format":"standard","meta":{"site-sidebar-layout":"default","site-content-layout":"","ast-site-content-layout":"","site-content-style":"default","site-sidebar-style":"default","ast-global-header-display":"","ast-banner-title-visibility":"","ast-main-header-display":"","ast-hfb-above-header-display":"","ast-hfb-below-header-display":"","ast-hfb-mobile-header-display":"","site-post-title":"","ast-breadcrumbs-content":"","ast-featured-img":"","footer-sml-layout":"","theme-transparent-header-meta":"","adv-header-id-meta":"","stick-header-meta":"","header-above-stick-meta":"","header-main-stick-meta":"","header-below-stick-meta":"","astra-migrate-meta-layouts":"default","ast-page-background-enabled":"default","ast-page-background-meta":{"desktop":{"background-color":"var(--ast-global-color-4)","background-image":"","background-repeat":"repeat","background-position":"center center","background-size":"auto","background-attachment":"scroll","background-type":"","background-media":"","overlay-type":"","overlay-color":"","overlay-gradient":""},"tablet":{"background-color":"","background-image":"","background-repeat":"repeat","background-position":"center center","background-size":"auto","background-attachment":"scroll","background-type":"","background-media":"","overlay-type":"","overlay-color":"","overlay-gradient":""},"mobile":{"background-color":"","background-image":"","background-repeat":"repeat","background-position":"center center","background-size":"auto","background-attachment":"scroll","background-type":"","background-media":"","overlay-type":"","overlay-color":"","overlay-gradient":""}},"ast-content-background-meta":{"desktop":{"background-color":"var(--ast-global-color-5)","background-image":"","background-repeat":"repeat","background-position":"center center","background-size":"auto","background-attachment":"scroll","background-type":"","background-media":"","overlay-type":"","overlay-color":"","overlay-gradient":""},"tablet":{"background-color":"var(--ast-global-color-5)","background-image":"","background-repeat":"repeat","background-position":"center center","background-size":"auto","background-attachment":"scroll","background-type":"","background-media":"","overlay-type":"","overlay-color":"","overlay-gradient":""},"mobile":{"background-color":"var(--ast-global-color-5)","background-image":"","background-repeat":"repeat","background-position":"center center","background-size":"auto","background-attachment":"scroll","background-type":"","background-media":"","overlay-type":"","overlay-color":"","overlay-gradient":""}},"footnotes":""},"categories":[4735,5526,59,60,269],"tags":[41108,5037,92523,6101,6102,43707],"class_list":["post-34201","post","type-post","status-publish","format-standard","hentry","category-comunicaciones-sociales","category-documentacion","category-linguistica","category-linguistica-aplicada","category-sociologia","tag-alfonso-lopez-yepes","tag-antonio-sanchez-bravo-cenjor","tag-correia-goncalves-carlos-cesar","tag-felix-sagredo-fernandez","tag-izquierdo-arroyo-jose-maria","tag-maria-pinto-molina"],"_links":{"self":[{"href":"https:\/\/www.deberes.net\/tesis\/wp-json\/wp\/v2\/posts\/34201","targetHints":{"allow":["GET"]}}],"collection":[{"href":"https:\/\/www.deberes.net\/tesis\/wp-json\/wp\/v2\/posts"}],"about":[{"href":"https:\/\/www.deberes.net\/tesis\/wp-json\/wp\/v2\/types\/post"}],"author":[{"embeddable":true,"href":"https:\/\/www.deberes.net\/tesis\/wp-json\/wp\/v2\/users\/1"}],"replies":[{"embeddable":true,"href":"https:\/\/www.deberes.net\/tesis\/wp-json\/wp\/v2\/comments?post=34201"}],"version-history":[{"count":0,"href":"https:\/\/www.deberes.net\/tesis\/wp-json\/wp\/v2\/posts\/34201\/revisions"}],"wp:attachment":[{"href":"https:\/\/www.deberes.net\/tesis\/wp-json\/wp\/v2\/media?parent=34201"}],"wp:term":[{"taxonomy":"category","embeddable":true,"href":"https:\/\/www.deberes.net\/tesis\/wp-json\/wp\/v2\/categories?post=34201"},{"taxonomy":"post_tag","embeddable":true,"href":"https:\/\/www.deberes.net\/tesis\/wp-json\/wp\/v2\/tags?post=34201"}],"curies":[{"name":"wp","href":"https:\/\/api.w.org\/{rel}","templated":true}]}}