{"id":34218,"date":"1998-01-01T00:00:00","date_gmt":"1998-01-01T00:00:00","guid":{"rendered":"https:\/\/www.deberes.net\/tesis\/sin-categoria\/los-riesgos-asociados-con-el-medio-ambiente-identificacion-medida-y-analisis-de-su-asegurabilidad\/"},"modified":"1998-01-01T00:00:00","modified_gmt":"1998-01-01T00:00:00","slug":"los-riesgos-asociados-con-el-medio-ambiente-identificacion-medida-y-analisis-de-su-asegurabilidad","status":"publish","type":"post","link":"https:\/\/www.deberes.net\/tesis\/ciencias-economicas\/los-riesgos-asociados-con-el-medio-ambiente-identificacion-medida-y-analisis-de-su-asegurabilidad\/","title":{"rendered":"Los riesgos asociados con el medio ambiente: identificacion, medida y analisis de su asegurabilidad."},"content":{"rendered":"<h2>Tesis doctoral de <strong> Dieter Decker Arnim <\/strong><\/h2>\n<p>Los riesgos asociados con el medio ambiente tienen cada vez mas repercusiones sobre los procesos econ\u00f3micos, y por lo tanto, sobre las actividades de las compa\u00f1\u00edas de seguro. En este trabajo se analizan las caracter\u00edsticas de los da\u00f1os medio ambientales, los riesgos asociados con \u00e9l, as\u00ed como las implicaciones en la gesti\u00f3n de estos riesgos, por las compa\u00f1\u00edas de seguro.  se hace referencia a las diferentes alternativas de pol\u00edtica econ\u00f3mica destinadas a reducir la contaminaci\u00f3n y la degradaci\u00f3n (medidas de prevenci\u00f3n) se estudian los diferentes aspectos jur\u00eddicos, relacionados con la responsabilidad civil medio ambiental. Asimismo, se analiza la posici\u00f3n del libro verde de la uni\u00f3n europea sobre el medio ambiente. Tambi\u00e9n se hace un estudio comparativo de las polizas del seguro de responsabilidad civil medio ambiental de espa\u00f1a y de alemania.<\/p>\n<p>&nbsp;<\/p>\n<h3>Datos acad\u00e9micos de la tesis doctoral \u00ab<strong>Los riesgos asociados con el medio ambiente: identificacion, medida y analisis de su asegurabilidad.<\/strong>\u00ab<\/h3>\n<ul>\n<li><strong>T\u00edtulo de la tesis:<\/strong>\u00a0 Los riesgos asociados con el medio ambiente: identificacion, medida y analisis de su asegurabilidad. <\/li>\n<li><strong>Autor:<\/strong>\u00a0 Dieter Decker Arnim <\/li>\n<li><strong>Universidad:<\/strong>\u00a0 Complutense de Madrid<\/li>\n<li><strong>Fecha de lectura de la tesis:<\/strong>\u00a0 01\/01\/1998<\/li>\n<\/ul>\n<p>&nbsp;<\/p>\n<h3>Direcci\u00f3n y tribunal<\/h3>\n<ul>\n<li><strong>Director de la tesis<\/strong>\n<ul>\n<li>Eugenio Prieto Perez<\/li>\n<\/ul>\n<\/li>\n<li><strong>Tribunal<\/strong>\n<ul>\n<li>Presidente del tribunal: Carlos Berzosa Alonso Martinez <\/li>\n<li>Alejandro Lorca Corrons (vocal)<\/li>\n<li>Ramon Tamames Gomez (vocal)<\/li>\n<li>Jes\u00fas Mar\u00eda Vegas Asensio (vocal)<\/li>\n<\/ul>\n<\/li>\n<\/ul>\n<p>&nbsp;<\/p>\n","protected":false},"excerpt":{"rendered":"<p>Tesis doctoral de Dieter Decker Arnim Los riesgos asociados con el medio ambiente tienen cada vez mas repercusiones sobre los [&hellip;]<\/p>\n","protected":false},"author":1,"featured_media":0,"comment_status":"open","ping_status":"open","sticky":false,"template":"","format":"standard","meta":{"site-sidebar-layout":"default","site-content-layout":"","ast-site-content-layout":"","site-content-style":"default","site-sidebar-style":"default","ast-global-header-display":"","ast-banner-title-visibility":"","ast-main-header-display":"","ast-hfb-above-header-display":"","ast-hfb-below-header-display":"","ast-hfb-mobile-header-display":"","site-post-title":"","ast-breadcrumbs-content":"","ast-featured-img":"","footer-sml-layout":"","theme-transparent-header-meta":"","adv-header-id-meta":"","stick-header-meta":"","header-above-stick-meta":"","header-main-stick-meta":"","header-below-stick-meta":"","astra-migrate-meta-layouts":"default","ast-page-background-enabled":"default","ast-page-background-meta":{"desktop":{"background-color":"var(--ast-global-color-4)","background-image":"","background-repeat":"repeat","background-position":"center center","background-size":"auto","background-attachment":"scroll","background-type":"","background-media":"","overlay-type":"","overlay-color":"","overlay-gradient":""},"tablet":{"background-color":"","background-image":"","background-repeat":"repeat","background-position":"center center","background-size":"auto","background-attachment":"scroll","background-type":"","background-media":"","overlay-type":"","overlay-color":"","overlay-gradient":""},"mobile":{"background-color":"","background-image":"","background-repeat":"repeat","background-position":"center center","background-size":"auto","background-attachment":"scroll","background-type":"","background-media":"","overlay-type":"","overlay-color":"","overlay-gradient":""}},"ast-content-background-meta":{"desktop":{"background-color":"var(--ast-global-color-5)","background-image":"","background-repeat":"repeat","background-position":"center center","background-size":"auto","background-attachment":"scroll","background-type":"","background-media":"","overlay-type":"","overlay-color":"","overlay-gradient":""},"tablet":{"background-color":"var(--ast-global-color-5)","background-image":"","background-repeat":"repeat","background-position":"center center","background-size":"auto","background-attachment":"scroll","background-type":"","background-media":"","overlay-type":"","overlay-color":"","overlay-gradient":""},"mobile":{"background-color":"var(--ast-global-color-5)","background-image":"","background-repeat":"repeat","background-position":"center center","background-size":"auto","background-attachment":"scroll","background-type":"","background-media":"","overlay-type":"","overlay-color":"","overlay-gradient":""}},"footnotes":""},"categories":[772,82,963,4677,4678],"tags":[15272,892,92551,17136,23748,1913],"class_list":["post-34218","post","type-post","status-publish","format-standard","hentry","category-actividad-economica","category-ciencias-economicas","category-economia-sectorial","category-sector-de-finanzas-y-seguros","category-seguros","tag-alejandro-lorca-corrons","tag-carlos-berzosa-alonso-Martinez","tag-dieter-decker-arnim","tag-eugenio-prieto-perez","tag-jesus-maria-vegas-asensio","tag-ramon-tamames-gomez"],"_links":{"self":[{"href":"https:\/\/www.deberes.net\/tesis\/wp-json\/wp\/v2\/posts\/34218","targetHints":{"allow":["GET"]}}],"collection":[{"href":"https:\/\/www.deberes.net\/tesis\/wp-json\/wp\/v2\/posts"}],"about":[{"href":"https:\/\/www.deberes.net\/tesis\/wp-json\/wp\/v2\/types\/post"}],"author":[{"embeddable":true,"href":"https:\/\/www.deberes.net\/tesis\/wp-json\/wp\/v2\/users\/1"}],"replies":[{"embeddable":true,"href":"https:\/\/www.deberes.net\/tesis\/wp-json\/wp\/v2\/comments?post=34218"}],"version-history":[{"count":0,"href":"https:\/\/www.deberes.net\/tesis\/wp-json\/wp\/v2\/posts\/34218\/revisions"}],"wp:attachment":[{"href":"https:\/\/www.deberes.net\/tesis\/wp-json\/wp\/v2\/media?parent=34218"}],"wp:term":[{"taxonomy":"category","embeddable":true,"href":"https:\/\/www.deberes.net\/tesis\/wp-json\/wp\/v2\/categories?post=34218"},{"taxonomy":"post_tag","embeddable":true,"href":"https:\/\/www.deberes.net\/tesis\/wp-json\/wp\/v2\/tags?post=34218"}],"curies":[{"name":"wp","href":"https:\/\/api.w.org\/{rel}","templated":true}]}}